{"id":453,"date":"2023-05-25T10:38:21","date_gmt":"2023-05-25T08:38:21","guid":{"rendered":"https:\/\/dissalud.com\/?p=453"},"modified":"2023-12-01T09:25:21","modified_gmt":"2023-12-01T08:25:21","slug":"jornada-de-hermandad-con-motivo-de-la-cargolada-batecada","status":"publish","type":"post","link":"https:\/\/dissalud.com\/es\/jornada-de-hermandad-con-motivo-de-la-cargolada-batecada\/","title":{"rendered":"Jornada de hermandad con motivo de la \u201cCargolada Batecada\u201d"},"content":{"rendered":"<div class=\"fusion-fullwidth fullwidth-box fusion-builder-row-1 fusion-flex-container has-pattern-background has-mask-background nonhundred-percent-fullwidth non-hundred-percent-height-scrolling\" style=\"--awb-border-radius-top-left:0px;--awb-border-radius-top-right:0px;--awb-border-radius-bottom-right:0px;--awb-border-radius-bottom-left:0px;--awb-padding-top:70px;--awb-padding-right:150px;--awb-padding-bottom:50px;--awb-padding-left:150px;--awb-padding-top-small:30px;--awb-padding-right-small:5%;--awb-padding-bottom-small:0px;--awb-padding-left-small:5%;--awb-flex-wrap:wrap;\" ><div class=\"fusion-builder-row fusion-row fusion-flex-align-items-flex-start fusion-flex-content-wrap\" style=\"max-width:1248px;margin-left: calc(-4% \/ 2 );margin-right: calc(-4% \/ 2 );\"><div class=\"fusion-layout-column fusion_builder_column fusion-builder-column-0 fusion_builder_column_1_1 1_1 fusion-flex-column\" style=\"--awb-bg-size:cover;--awb-width-large:100%;--awb-margin-top-large:0px;--awb-spacing-right-large:1.92%;--awb-margin-bottom-large:20px;--awb-spacing-left-large:1.92%;--awb-width-medium:100%;--awb-order-medium:0;--awb-spacing-right-medium:1.92%;--awb-spacing-left-medium:1.92%;--awb-width-small:100%;--awb-order-small:0;--awb-spacing-right-small:1.92%;--awb-spacing-left-small:1.92%;\"><div class=\"fusion-column-wrapper fusion-column-has-shadow fusion-flex-justify-content-flex-start fusion-content-layout-column\"><div class=\"fusion-text fusion-text-1\"><h4><strong>El pasado s\u00e1bado, un grupo de usuarios de sillas de ruedas disfrut\u00f3 de una jornada de hermandad organizada por la ortopedia\u00a0<a href=\"https:\/\/dissalud.com\/es\/la-empresa\/\" target=\"_blank\" rel=\"noreferrer noopener\">Dissalud<\/a>\u00a0y la empresa\u00a0<a href=\"https:\/\/batec-mobility.com\/es\" target=\"_blank\" rel=\"noreferrer noopener\">Batec Mobility<\/a>.<\/strong><\/h4>\n<p>A las 10.30 horas, los participantes en este encuentro se dieron cita en las nuevas instalaciones de ortopedia Dissalud, situada en el paseo de Ronda 144, para probar y conocer las novedades de handbikes para silla de ruedas de<strong>\u00a0Batec Mobility<\/strong>. Poco despu\u00e9s, los \u201cbatequeros y batequeras\u201d comenzaron un paseo por diferentes calles de la ciudad hasta llegar al\u00a0<a href=\"http:\/\/www.turoseuvella.cat\/es?set_language=es\" target=\"_blank\" rel=\"noreferrer noopener\">Tur\u00f3 de la Seu Vella<\/a>. Para algunos de los presentes, su primera subida de forma aut\u00f3noma a este emblem\u00e1tico punto de referencia de la ciudad de Lleida.<\/p>\n<p>La jornada finaliz\u00f3 con una comida de hermandad entre los participantes en esta\u00a0<strong>\u201cCargolada Batecada\u201d,\u00a0<\/strong>que quiere crecer en propuestas y n\u00famero de inscritos en pr\u00f3ximas ediciones.<\/p>\n<h4><strong>Handbikes Batec, un revolucionario avance para la movilidad de las personas en silla de ruedas<\/strong><\/h4>\n<p>Los participantes en esta \u201cCargolada Batecada\u201d son usuarios de los handbike de Batec, un sistema de propulsi\u00f3n acoplable a la silla de ruedas de una manera muy sencilla, que convierte la silla de ruedas manual en un veh\u00edculo propulsado por un motor el\u00e9ctrico, ganando de esta manera mucha autonom\u00eda y movilidad.<\/p>\n<\/div><\/div><\/div><div class=\"fusion-layout-column fusion_builder_column fusion-builder-column-1 fusion_builder_column_1_1 1_1 fusion-flex-column\" style=\"--awb-padding-top:50px;--awb-bg-size:cover;--awb-width-large:100%;--awb-margin-top-large:0px;--awb-spacing-right-large:1.92%;--awb-margin-bottom-large:20px;--awb-spacing-left-large:1.92%;--awb-width-medium:100%;--awb-order-medium:0;--awb-spacing-right-medium:1.92%;--awb-spacing-left-medium:1.92%;--awb-width-small:100%;--awb-order-small:0;--awb-spacing-right-small:1.92%;--awb-spacing-left-small:1.92%;\" data-motion-effects=\"[{&quot;type&quot;:&quot;&quot;,&quot;scroll_type&quot;:&quot;transition&quot;,&quot;scroll_direction&quot;:&quot;up&quot;,&quot;transition_speed&quot;:&quot;1&quot;,&quot;fade_type&quot;:&quot;in&quot;,&quot;scale_type&quot;:&quot;up&quot;,&quot;initial_scale&quot;:&quot;1&quot;,&quot;max_scale&quot;:&quot;1.5&quot;,&quot;min_scale&quot;:&quot;0.5&quot;,&quot;initial_rotate&quot;:&quot;0&quot;,&quot;end_rotate&quot;:&quot;30&quot;,&quot;initial_blur&quot;:&quot;0&quot;,&quot;end_blur&quot;:&quot;3&quot;,&quot;start_element&quot;:&quot;top&quot;,&quot;start_viewport&quot;:&quot;bottom&quot;,&quot;end_element&quot;:&quot;bottom&quot;,&quot;end_viewport&quot;:&quot;top&quot;,&quot;mouse_effect&quot;:&quot;track&quot;,&quot;mouse_effect_direction&quot;:&quot;opposite&quot;,&quot;mouse_effect_speed&quot;:&quot;2&quot;,&quot;infinite_animation&quot;:&quot;float&quot;,&quot;infinite_animation_speed&quot;:&quot;2&quot;}]\" data-scroll-devices=\"small-visibility,medium-visibility,large-visibility\"><div class=\"fusion-column-wrapper fusion-column-has-shadow fusion-flex-justify-content-flex-start fusion-content-layout-column\"><div class=\"awb-gallery-wrapper awb-gallery-wrapper-1 button-span-no\" style=\"--more-btn-alignment:center;\"><div style=\"margin:-5px;--awb-aspect-ratio:1 \/ 1;--awb-bordersize:0px;\" class=\"fusion-gallery fusion-gallery-container fusion-grid-3 fusion-columns-total-3 fusion-gallery-layout-grid fusion-gallery-1 has-aspect-ratio\"><div style=\"padding:5px;\" class=\"fusion-grid-column fusion-gallery-column fusion-gallery-column-3 hover-type-none\"><div class=\"fusion-gallery-image\"><a href=\"https:\/\/dissalud.com\/wp-content\/uploads\/2023\/09\/Cargolada-Batecada-2023-Dissalud-Batec-Mobility-55-de-66-1.jpeg\" rel=\"noreferrer\" data-rel=\"iLightbox[gallery_image_1]\" class=\"fusion-lightbox\" target=\"_self\"><img decoding=\"async\" src=\"https:\/\/dissalud.com\/wp-content\/uploads\/2023\/09\/Cargolada-Batecada-2023-Dissalud-Batec-Mobility-55-de-66-1.jpeg\" width=\"961\" height=\"998\" alt=\"\" title=\"Cargolada-Batecada-2023-Dissalud-Batec-Mobility-55-de-66-1\" aria-label=\"Cargolada-Batecada-2023-Dissalud-Batec-Mobility-55-de-66-1\" class=\"img-responsive wp-image-460\" srcset=\"https:\/\/dissalud.com\/wp-content\/uploads\/2023\/09\/Cargolada-Batecada-2023-Dissalud-Batec-Mobility-55-de-66-1-200x208.jpeg 200w, https:\/\/dissalud.com\/wp-content\/uploads\/2023\/09\/Cargolada-Batecada-2023-Dissalud-Batec-Mobility-55-de-66-1-400x415.jpeg 400w, https:\/\/dissalud.com\/wp-content\/uploads\/2023\/09\/Cargolada-Batecada-2023-Dissalud-Batec-Mobility-55-de-66-1-600x623.jpeg 600w, https:\/\/dissalud.com\/wp-content\/uploads\/2023\/09\/Cargolada-Batecada-2023-Dissalud-Batec-Mobility-55-de-66-1-800x831.jpeg 800w, https:\/\/dissalud.com\/wp-content\/uploads\/2023\/09\/Cargolada-Batecada-2023-Dissalud-Batec-Mobility-55-de-66-1.jpeg 961w\" sizes=\"(min-width: 2200px) 100vw, (min-width: 784px) 397px, (min-width: 712px) 595px, (min-width: 640px) 712px, \" \/><\/a><\/div><\/div><div style=\"padding:5px;\" class=\"fusion-grid-column fusion-gallery-column fusion-gallery-column-3 hover-type-none\"><div class=\"fusion-gallery-image\"><a href=\"https:\/\/dissalud.com\/wp-content\/uploads\/2023\/09\/Cargolada-Batecada-2023-Dissalud-Batec-Mobility-41-de-66-1.jpeg\" rel=\"noreferrer\" data-rel=\"iLightbox[gallery_image_1]\" class=\"fusion-lightbox\" target=\"_self\"><img decoding=\"async\" src=\"https:\/\/dissalud.com\/wp-content\/uploads\/2023\/09\/Cargolada-Batecada-2023-Dissalud-Batec-Mobility-41-de-66-1.jpeg\" width=\"1053\" height=\"960\" alt=\"\" title=\"Cargolada-Batecada-2023-Dissalud-Batec-Mobility-41-de-66-1\" aria-label=\"Cargolada-Batecada-2023-Dissalud-Batec-Mobility-41-de-66-1\" class=\"img-responsive wp-image-458\" srcset=\"https:\/\/dissalud.com\/wp-content\/uploads\/2023\/09\/Cargolada-Batecada-2023-Dissalud-Batec-Mobility-41-de-66-1-200x182.jpeg 200w, https:\/\/dissalud.com\/wp-content\/uploads\/2023\/09\/Cargolada-Batecada-2023-Dissalud-Batec-Mobility-41-de-66-1-400x365.jpeg 400w, https:\/\/dissalud.com\/wp-content\/uploads\/2023\/09\/Cargolada-Batecada-2023-Dissalud-Batec-Mobility-41-de-66-1-600x547.jpeg 600w, https:\/\/dissalud.com\/wp-content\/uploads\/2023\/09\/Cargolada-Batecada-2023-Dissalud-Batec-Mobility-41-de-66-1-800x729.jpeg 800w, https:\/\/dissalud.com\/wp-content\/uploads\/2023\/09\/Cargolada-Batecada-2023-Dissalud-Batec-Mobility-41-de-66-1.jpeg 1053w\" sizes=\"(min-width: 2200px) 100vw, (min-width: 784px) 397px, (min-width: 712px) 595px, (min-width: 640px) 712px, \" \/><\/a><\/div><\/div><div style=\"padding:5px;\" class=\"fusion-grid-column fusion-gallery-column fusion-gallery-column-3 hover-type-none\"><div class=\"fusion-gallery-image\"><a href=\"https:\/\/dissalud.com\/wp-content\/uploads\/2023\/09\/Cargolada-Batecada-2023-Dissalud-Batec-Mobility-9-de-66-1.jpeg\" rel=\"noreferrer\" data-rel=\"iLightbox[gallery_image_1]\" class=\"fusion-lightbox\" target=\"_self\"><img decoding=\"async\" src=\"https:\/\/dissalud.com\/wp-content\/uploads\/2023\/09\/Cargolada-Batecada-2023-Dissalud-Batec-Mobility-9-de-66-1.jpeg\" width=\"1280\" height=\"960\" alt=\"\" title=\"Cargolada-Batecada-2023-Dissalud-Batec-Mobility-9-de-66-1\" aria-label=\"Cargolada-Batecada-2023-Dissalud-Batec-Mobility-9-de-66-1\" class=\"img-responsive wp-image-456\" srcset=\"https:\/\/dissalud.com\/wp-content\/uploads\/2023\/09\/Cargolada-Batecada-2023-Dissalud-Batec-Mobility-9-de-66-1-200x150.jpeg 200w, https:\/\/dissalud.com\/wp-content\/uploads\/2023\/09\/Cargolada-Batecada-2023-Dissalud-Batec-Mobility-9-de-66-1-400x300.jpeg 400w, https:\/\/dissalud.com\/wp-content\/uploads\/2023\/09\/Cargolada-Batecada-2023-Dissalud-Batec-Mobility-9-de-66-1-600x450.jpeg 600w, https:\/\/dissalud.com\/wp-content\/uploads\/2023\/09\/Cargolada-Batecada-2023-Dissalud-Batec-Mobility-9-de-66-1-800x600.jpeg 800w, https:\/\/dissalud.com\/wp-content\/uploads\/2023\/09\/Cargolada-Batecada-2023-Dissalud-Batec-Mobility-9-de-66-1-1200x900.jpeg 1200w, https:\/\/dissalud.com\/wp-content\/uploads\/2023\/09\/Cargolada-Batecada-2023-Dissalud-Batec-Mobility-9-de-66-1.jpeg 1280w\" sizes=\"(min-width: 2200px) 100vw, (min-width: 784px) 397px, (min-width: 712px) 595px, (min-width: 640px) 712px, \" \/><\/a><\/div><\/div><div class=\"clearfix\"><\/div><\/div><\/div><div class=\"fusion-video fusion-youtube\" style=\"--awb-max-width:600px;--awb-max-height:360px;--awb-align-self:center;--awb-width:100%;--awb-margin-top:30px;--awb-margin-bottom:0px;\"><div class=\"video-shortcode\"><div class=\"fluid-width-video-wrapper\" style=\"padding-top:60%;\" ><iframe title=\"YouTube video player 1\" src=\"https:\/\/www.youtube.com\/embed\/ivyWkyZxzhE?wmode=transparent&autoplay=0\" width=\"600\" height=\"360\" allowfullscreen allow=\"autoplay; fullscreen\"><\/iframe><\/div><\/div><\/div><\/div><\/div><\/div><\/div>\n","protected":false},"excerpt":{"rendered":"","protected":false},"author":1,"featured_media":454,"comment_status":"open","ping_status":"open","sticky":false,"template":"","format":"standard","meta":{"footnotes":""},"categories":[16],"tags":[],"class_list":["post-453","post","type-post","status-publish","format-standard","has-post-thumbnail","hentry","category-noticia"],"yoast_head":"<!-- This site is optimized with the Yoast SEO plugin v27.5 - https:\/\/yoast.com\/product\/yoast-seo-wordpress\/ -->\n<title>Jornada de hermandad con motivo de la \u201cCargolada Batecada\u201d - Dissalud<\/title>\n<meta name=\"robots\" content=\"index, follow, max-snippet:-1, max-image-preview:large, max-video-preview:-1\" \/>\n<link rel=\"canonical\" href=\"https:\/\/dissalud.com\/es\/jornada-de-hermandad-con-motivo-de-la-cargolada-batecada\/\" \/>\n<meta property=\"og:locale\" content=\"es_ES\" \/>\n<meta property=\"og:type\" content=\"article\" \/>\n<meta property=\"og:title\" content=\"Jornada de hermandad con motivo de la \u201cCargolada Batecada\u201d - Dissalud\" \/>\n<meta property=\"og:url\" content=\"https:\/\/dissalud.com\/es\/jornada-de-hermandad-con-motivo-de-la-cargolada-batecada\/\" \/>\n<meta property=\"og:site_name\" content=\"Dissalud\" \/>\n<meta property=\"article:publisher\" content=\"https:\/\/www.facebook.com\/dissaludlleida\/\" \/>\n<meta property=\"article:published_time\" content=\"2023-05-25T08:38:21+00:00\" \/>\n<meta property=\"article:modified_time\" content=\"2023-12-01T08:25:21+00:00\" \/>\n<meta property=\"og:image\" content=\"https:\/\/dissalud.com\/wp-content\/uploads\/2023\/09\/Cargolada-Batecada-2023-Dissalud-Batec-Mobility-1-de-3.jpeg\" \/>\n\t<meta property=\"og:image:width\" content=\"1253\" \/>\n\t<meta property=\"og:image:height\" content=\"961\" \/>\n\t<meta property=\"og:image:type\" content=\"image\/jpeg\" \/>\n<meta name=\"author\" content=\"admin\" \/>\n<meta name=\"twitter:card\" content=\"summary_large_image\" \/>\n<meta name=\"twitter:label1\" content=\"Escrito por\" \/>\n\t<meta name=\"twitter:data1\" content=\"admin\" \/>\n\t<meta name=\"twitter:label2\" content=\"Tiempo de lectura\" \/>\n\t<meta name=\"twitter:data2\" content=\"5 minutos\" \/>\n<script type=\"application\/ld+json\" class=\"yoast-schema-graph\">{\"@context\":\"https:\\\/\\\/schema.org\",\"@graph\":[{\"@type\":\"Article\",\"@id\":\"https:\\\/\\\/dissalud.com\\\/es\\\/jornada-de-hermandad-con-motivo-de-la-cargolada-batecada\\\/#article\",\"isPartOf\":{\"@id\":\"https:\\\/\\\/dissalud.com\\\/es\\\/jornada-de-hermandad-con-motivo-de-la-cargolada-batecada\\\/\"},\"author\":{\"name\":\"admin\",\"@id\":\"https:\\\/\\\/dissalud.com\\\/#\\\/schema\\\/person\\\/6326a7c70574c4a1555171f79b4c8c30\"},\"headline\":\"Jornada de hermandad con motivo de la \u201cCargolada Batecada\u201d\",\"datePublished\":\"2023-05-25T08:38:21+00:00\",\"dateModified\":\"2023-12-01T08:25:21+00:00\",\"mainEntityOfPage\":{\"@id\":\"https:\\\/\\\/dissalud.com\\\/es\\\/jornada-de-hermandad-con-motivo-de-la-cargolada-batecada\\\/\"},\"wordCount\":2074,\"commentCount\":0,\"publisher\":{\"@id\":\"https:\\\/\\\/dissalud.com\\\/#organization\"},\"image\":{\"@id\":\"https:\\\/\\\/dissalud.com\\\/es\\\/jornada-de-hermandad-con-motivo-de-la-cargolada-batecada\\\/#primaryimage\"},\"thumbnailUrl\":\"https:\\\/\\\/dissalud.com\\\/wp-content\\\/uploads\\\/2023\\\/09\\\/Cargolada-Batecada-2023-Dissalud-Batec-Mobility-1-de-3.jpeg\",\"articleSection\":[\"Noticia\"],\"inLanguage\":\"es\",\"potentialAction\":[{\"@type\":\"CommentAction\",\"name\":\"Comment\",\"target\":[\"https:\\\/\\\/dissalud.com\\\/es\\\/jornada-de-hermandad-con-motivo-de-la-cargolada-batecada\\\/#respond\"]}]},{\"@type\":\"WebPage\",\"@id\":\"https:\\\/\\\/dissalud.com\\\/es\\\/jornada-de-hermandad-con-motivo-de-la-cargolada-batecada\\\/\",\"url\":\"https:\\\/\\\/dissalud.com\\\/es\\\/jornada-de-hermandad-con-motivo-de-la-cargolada-batecada\\\/\",\"name\":\"Jornada de hermandad con motivo de la \u201cCargolada Batecada\u201d - Dissalud\",\"isPartOf\":{\"@id\":\"https:\\\/\\\/dissalud.com\\\/#website\"},\"primaryImageOfPage\":{\"@id\":\"https:\\\/\\\/dissalud.com\\\/es\\\/jornada-de-hermandad-con-motivo-de-la-cargolada-batecada\\\/#primaryimage\"},\"image\":{\"@id\":\"https:\\\/\\\/dissalud.com\\\/es\\\/jornada-de-hermandad-con-motivo-de-la-cargolada-batecada\\\/#primaryimage\"},\"thumbnailUrl\":\"https:\\\/\\\/dissalud.com\\\/wp-content\\\/uploads\\\/2023\\\/09\\\/Cargolada-Batecada-2023-Dissalud-Batec-Mobility-1-de-3.jpeg\",\"datePublished\":\"2023-05-25T08:38:21+00:00\",\"dateModified\":\"2023-12-01T08:25:21+00:00\",\"breadcrumb\":{\"@id\":\"https:\\\/\\\/dissalud.com\\\/es\\\/jornada-de-hermandad-con-motivo-de-la-cargolada-batecada\\\/#breadcrumb\"},\"inLanguage\":\"es\",\"potentialAction\":[{\"@type\":\"ReadAction\",\"target\":[\"https:\\\/\\\/dissalud.com\\\/es\\\/jornada-de-hermandad-con-motivo-de-la-cargolada-batecada\\\/\"]}]},{\"@type\":\"ImageObject\",\"inLanguage\":\"es\",\"@id\":\"https:\\\/\\\/dissalud.com\\\/es\\\/jornada-de-hermandad-con-motivo-de-la-cargolada-batecada\\\/#primaryimage\",\"url\":\"https:\\\/\\\/dissalud.com\\\/wp-content\\\/uploads\\\/2023\\\/09\\\/Cargolada-Batecada-2023-Dissalud-Batec-Mobility-1-de-3.jpeg\",\"contentUrl\":\"https:\\\/\\\/dissalud.com\\\/wp-content\\\/uploads\\\/2023\\\/09\\\/Cargolada-Batecada-2023-Dissalud-Batec-Mobility-1-de-3.jpeg\",\"width\":1253,\"height\":961},{\"@type\":\"BreadcrumbList\",\"@id\":\"https:\\\/\\\/dissalud.com\\\/es\\\/jornada-de-hermandad-con-motivo-de-la-cargolada-batecada\\\/#breadcrumb\",\"itemListElement\":[{\"@type\":\"ListItem\",\"position\":1,\"name\":\"Home\",\"item\":\"https:\\\/\\\/dissalud.com\\\/es\\\/\"},{\"@type\":\"ListItem\",\"position\":2,\"name\":\"Jornada de hermandad con motivo de la \u201cCargolada Batecada\u201d\"}]},{\"@type\":\"WebSite\",\"@id\":\"https:\\\/\\\/dissalud.com\\\/#website\",\"url\":\"https:\\\/\\\/dissalud.com\\\/\",\"name\":\"Dissalud\",\"description\":\"Ortop\u00e8dia i productes de suport\",\"publisher\":{\"@id\":\"https:\\\/\\\/dissalud.com\\\/#organization\"},\"potentialAction\":[{\"@type\":\"SearchAction\",\"target\":{\"@type\":\"EntryPoint\",\"urlTemplate\":\"https:\\\/\\\/dissalud.com\\\/?s={search_term_string}\"},\"query-input\":{\"@type\":\"PropertyValueSpecification\",\"valueRequired\":true,\"valueName\":\"search_term_string\"}}],\"inLanguage\":\"es\"},{\"@type\":\"Organization\",\"@id\":\"https:\\\/\\\/dissalud.com\\\/#organization\",\"name\":\"Dissalud\",\"url\":\"https:\\\/\\\/dissalud.com\\\/\",\"logo\":{\"@type\":\"ImageObject\",\"inLanguage\":\"es\",\"@id\":\"https:\\\/\\\/dissalud.com\\\/#\\\/schema\\\/logo\\\/image\\\/\",\"url\":\"https:\\\/\\\/dissalud.com\\\/wp-content\\\/uploads\\\/2025\\\/02\\\/LOGO_DISSALUD.jpg\",\"contentUrl\":\"https:\\\/\\\/dissalud.com\\\/wp-content\\\/uploads\\\/2025\\\/02\\\/LOGO_DISSALUD.jpg\",\"width\":225,\"height\":225,\"caption\":\"Dissalud\"},\"image\":{\"@id\":\"https:\\\/\\\/dissalud.com\\\/#\\\/schema\\\/logo\\\/image\\\/\"},\"sameAs\":[\"https:\\\/\\\/www.facebook.com\\\/dissaludlleida\\\/\",\"https:\\\/\\\/www.instagram.com\\\/ortopedia_dissalud\\\/\"]},{\"@type\":\"Person\",\"@id\":\"https:\\\/\\\/dissalud.com\\\/#\\\/schema\\\/person\\\/6326a7c70574c4a1555171f79b4c8c30\",\"name\":\"admin\",\"image\":{\"@type\":\"ImageObject\",\"inLanguage\":\"es\",\"@id\":\"https:\\\/\\\/secure.gravatar.com\\\/avatar\\\/3d8771e958295f415804336505f0c6faebfe16c066754f8f90e0b5a1023ffc77?s=96&d=mm&r=g\",\"url\":\"https:\\\/\\\/secure.gravatar.com\\\/avatar\\\/3d8771e958295f415804336505f0c6faebfe16c066754f8f90e0b5a1023ffc77?s=96&d=mm&r=g\",\"contentUrl\":\"https:\\\/\\\/secure.gravatar.com\\\/avatar\\\/3d8771e958295f415804336505f0c6faebfe16c066754f8f90e0b5a1023ffc77?s=96&d=mm&r=g\",\"caption\":\"admin\"},\"sameAs\":[\"https:\\\/\\\/dissalud.com\"],\"url\":\"https:\\\/\\\/dissalud.com\\\/es\\\/author\\\/jordi_j8bae8x1\\\/\"}]}<\/script>\n<!-- \/ Yoast SEO plugin. -->","yoast_head_json":{"title":"Jornada de hermandad con motivo de la \u201cCargolada Batecada\u201d - Dissalud","robots":{"index":"index","follow":"follow","max-snippet":"max-snippet:-1","max-image-preview":"max-image-preview:large","max-video-preview":"max-video-preview:-1"},"canonical":"https:\/\/dissalud.com\/es\/jornada-de-hermandad-con-motivo-de-la-cargolada-batecada\/","og_locale":"es_ES","og_type":"article","og_title":"Jornada de hermandad con motivo de la \u201cCargolada Batecada\u201d - Dissalud","og_url":"https:\/\/dissalud.com\/es\/jornada-de-hermandad-con-motivo-de-la-cargolada-batecada\/","og_site_name":"Dissalud","article_publisher":"https:\/\/www.facebook.com\/dissaludlleida\/","article_published_time":"2023-05-25T08:38:21+00:00","article_modified_time":"2023-12-01T08:25:21+00:00","og_image":[{"width":1253,"height":961,"url":"https:\/\/dissalud.com\/wp-content\/uploads\/2023\/09\/Cargolada-Batecada-2023-Dissalud-Batec-Mobility-1-de-3.jpeg","type":"image\/jpeg"}],"author":"admin","twitter_card":"summary_large_image","twitter_misc":{"Escrito por":"admin","Tiempo de lectura":"5 minutos"},"schema":{"@context":"https:\/\/schema.org","@graph":[{"@type":"Article","@id":"https:\/\/dissalud.com\/es\/jornada-de-hermandad-con-motivo-de-la-cargolada-batecada\/#article","isPartOf":{"@id":"https:\/\/dissalud.com\/es\/jornada-de-hermandad-con-motivo-de-la-cargolada-batecada\/"},"author":{"name":"admin","@id":"https:\/\/dissalud.com\/#\/schema\/person\/6326a7c70574c4a1555171f79b4c8c30"},"headline":"Jornada de hermandad con motivo de la \u201cCargolada Batecada\u201d","datePublished":"2023-05-25T08:38:21+00:00","dateModified":"2023-12-01T08:25:21+00:00","mainEntityOfPage":{"@id":"https:\/\/dissalud.com\/es\/jornada-de-hermandad-con-motivo-de-la-cargolada-batecada\/"},"wordCount":2074,"commentCount":0,"publisher":{"@id":"https:\/\/dissalud.com\/#organization"},"image":{"@id":"https:\/\/dissalud.com\/es\/jornada-de-hermandad-con-motivo-de-la-cargolada-batecada\/#primaryimage"},"thumbnailUrl":"https:\/\/dissalud.com\/wp-content\/uploads\/2023\/09\/Cargolada-Batecada-2023-Dissalud-Batec-Mobility-1-de-3.jpeg","articleSection":["Noticia"],"inLanguage":"es","potentialAction":[{"@type":"CommentAction","name":"Comment","target":["https:\/\/dissalud.com\/es\/jornada-de-hermandad-con-motivo-de-la-cargolada-batecada\/#respond"]}]},{"@type":"WebPage","@id":"https:\/\/dissalud.com\/es\/jornada-de-hermandad-con-motivo-de-la-cargolada-batecada\/","url":"https:\/\/dissalud.com\/es\/jornada-de-hermandad-con-motivo-de-la-cargolada-batecada\/","name":"Jornada de hermandad con motivo de la \u201cCargolada Batecada\u201d - Dissalud","isPartOf":{"@id":"https:\/\/dissalud.com\/#website"},"primaryImageOfPage":{"@id":"https:\/\/dissalud.com\/es\/jornada-de-hermandad-con-motivo-de-la-cargolada-batecada\/#primaryimage"},"image":{"@id":"https:\/\/dissalud.com\/es\/jornada-de-hermandad-con-motivo-de-la-cargolada-batecada\/#primaryimage"},"thumbnailUrl":"https:\/\/dissalud.com\/wp-content\/uploads\/2023\/09\/Cargolada-Batecada-2023-Dissalud-Batec-Mobility-1-de-3.jpeg","datePublished":"2023-05-25T08:38:21+00:00","dateModified":"2023-12-01T08:25:21+00:00","breadcrumb":{"@id":"https:\/\/dissalud.com\/es\/jornada-de-hermandad-con-motivo-de-la-cargolada-batecada\/#breadcrumb"},"inLanguage":"es","potentialAction":[{"@type":"ReadAction","target":["https:\/\/dissalud.com\/es\/jornada-de-hermandad-con-motivo-de-la-cargolada-batecada\/"]}]},{"@type":"ImageObject","inLanguage":"es","@id":"https:\/\/dissalud.com\/es\/jornada-de-hermandad-con-motivo-de-la-cargolada-batecada\/#primaryimage","url":"https:\/\/dissalud.com\/wp-content\/uploads\/2023\/09\/Cargolada-Batecada-2023-Dissalud-Batec-Mobility-1-de-3.jpeg","contentUrl":"https:\/\/dissalud.com\/wp-content\/uploads\/2023\/09\/Cargolada-Batecada-2023-Dissalud-Batec-Mobility-1-de-3.jpeg","width":1253,"height":961},{"@type":"BreadcrumbList","@id":"https:\/\/dissalud.com\/es\/jornada-de-hermandad-con-motivo-de-la-cargolada-batecada\/#breadcrumb","itemListElement":[{"@type":"ListItem","position":1,"name":"Home","item":"https:\/\/dissalud.com\/es\/"},{"@type":"ListItem","position":2,"name":"Jornada de hermandad con motivo de la \u201cCargolada Batecada\u201d"}]},{"@type":"WebSite","@id":"https:\/\/dissalud.com\/#website","url":"https:\/\/dissalud.com\/","name":"Dissalud","description":"Ortop\u00e8dia i productes de suport","publisher":{"@id":"https:\/\/dissalud.com\/#organization"},"potentialAction":[{"@type":"SearchAction","target":{"@type":"EntryPoint","urlTemplate":"https:\/\/dissalud.com\/?s={search_term_string}"},"query-input":{"@type":"PropertyValueSpecification","valueRequired":true,"valueName":"search_term_string"}}],"inLanguage":"es"},{"@type":"Organization","@id":"https:\/\/dissalud.com\/#organization","name":"Dissalud","url":"https:\/\/dissalud.com\/","logo":{"@type":"ImageObject","inLanguage":"es","@id":"https:\/\/dissalud.com\/#\/schema\/logo\/image\/","url":"https:\/\/dissalud.com\/wp-content\/uploads\/2025\/02\/LOGO_DISSALUD.jpg","contentUrl":"https:\/\/dissalud.com\/wp-content\/uploads\/2025\/02\/LOGO_DISSALUD.jpg","width":225,"height":225,"caption":"Dissalud"},"image":{"@id":"https:\/\/dissalud.com\/#\/schema\/logo\/image\/"},"sameAs":["https:\/\/www.facebook.com\/dissaludlleida\/","https:\/\/www.instagram.com\/ortopedia_dissalud\/"]},{"@type":"Person","@id":"https:\/\/dissalud.com\/#\/schema\/person\/6326a7c70574c4a1555171f79b4c8c30","name":"admin","image":{"@type":"ImageObject","inLanguage":"es","@id":"https:\/\/secure.gravatar.com\/avatar\/3d8771e958295f415804336505f0c6faebfe16c066754f8f90e0b5a1023ffc77?s=96&d=mm&r=g","url":"https:\/\/secure.gravatar.com\/avatar\/3d8771e958295f415804336505f0c6faebfe16c066754f8f90e0b5a1023ffc77?s=96&d=mm&r=g","contentUrl":"https:\/\/secure.gravatar.com\/avatar\/3d8771e958295f415804336505f0c6faebfe16c066754f8f90e0b5a1023ffc77?s=96&d=mm&r=g","caption":"admin"},"sameAs":["https:\/\/dissalud.com"],"url":"https:\/\/dissalud.com\/es\/author\/jordi_j8bae8x1\/"}]}},"_links":{"self":[{"href":"https:\/\/dissalud.com\/es\/wp-json\/wp\/v2\/posts\/453","targetHints":{"allow":["GET"]}}],"collection":[{"href":"https:\/\/dissalud.com\/es\/wp-json\/wp\/v2\/posts"}],"about":[{"href":"https:\/\/dissalud.com\/es\/wp-json\/wp\/v2\/types\/post"}],"author":[{"embeddable":true,"href":"https:\/\/dissalud.com\/es\/wp-json\/wp\/v2\/users\/1"}],"replies":[{"embeddable":true,"href":"https:\/\/dissalud.com\/es\/wp-json\/wp\/v2\/comments?post=453"}],"version-history":[{"count":4,"href":"https:\/\/dissalud.com\/es\/wp-json\/wp\/v2\/posts\/453\/revisions"}],"predecessor-version":[{"id":3972,"href":"https:\/\/dissalud.com\/es\/wp-json\/wp\/v2\/posts\/453\/revisions\/3972"}],"wp:featuredmedia":[{"embeddable":true,"href":"https:\/\/dissalud.com\/es\/wp-json\/wp\/v2\/media\/454"}],"wp:attachment":[{"href":"https:\/\/dissalud.com\/es\/wp-json\/wp\/v2\/media?parent=453"}],"wp:term":[{"taxonomy":"category","embeddable":true,"href":"https:\/\/dissalud.com\/es\/wp-json\/wp\/v2\/categories?post=453"},{"taxonomy":"post_tag","embeddable":true,"href":"https:\/\/dissalud.com\/es\/wp-json\/wp\/v2\/tags?post=453"}],"curies":[{"name":"wp","href":"https:\/\/api.w.org\/{rel}","templated":true}]}}