{"id":4935,"date":"2024-11-15T09:44:12","date_gmt":"2024-11-15T08:44:12","guid":{"rendered":"https:\/\/dissalud.com\/?p=4935"},"modified":"2024-11-15T10:12:18","modified_gmt":"2024-11-15T09:12:18","slug":"albert-cogul-primer-europeo-con-paraplejia-en-subir-hasta-el-campamento-base-del-everest-enhorabuena","status":"publish","type":"post","link":"https:\/\/dissalud.com\/es\/albert-cogul-primer-europeo-con-paraplejia-en-subir-hasta-el-campamento-base-del-everest-enhorabuena\/","title":{"rendered":"Albert Cogul, primer europeo con paraplej\u00eda en subir hasta el campamento base del Everest. Enhorabuena"},"content":{"rendered":"<div class=\"fusion-fullwidth fullwidth-box fusion-builder-row-1 fusion-flex-container has-pattern-background has-mask-background nonhundred-percent-fullwidth non-hundred-percent-height-scrolling\" style=\"--awb-border-radius-top-left:0px;--awb-border-radius-top-right:0px;--awb-border-radius-bottom-right:0px;--awb-border-radius-bottom-left:0px;--awb-padding-top:70px;--awb-padding-right:150px;--awb-padding-bottom:50px;--awb-padding-left:150px;--awb-padding-top-small:30px;--awb-padding-right-small:5%;--awb-padding-bottom-small:0px;--awb-padding-left-small:5%;--awb-flex-wrap:wrap;\" ><div class=\"fusion-builder-row fusion-row fusion-flex-align-items-flex-start fusion-flex-content-wrap\" style=\"max-width:1248px;margin-left: calc(-4% \/ 2 );margin-right: calc(-4% \/ 2 );\"><div class=\"fusion-layout-column fusion_builder_column fusion-builder-column-0 fusion_builder_column_1_1 1_1 fusion-flex-column\" style=\"--awb-bg-size:cover;--awb-width-large:100%;--awb-margin-top-large:0px;--awb-spacing-right-large:1.92%;--awb-margin-bottom-large:20px;--awb-spacing-left-large:1.92%;--awb-width-medium:100%;--awb-order-medium:0;--awb-spacing-right-medium:1.92%;--awb-spacing-left-medium:1.92%;--awb-width-small:100%;--awb-order-small:0;--awb-spacing-right-small:1.92%;--awb-spacing-left-small:1.92%;\"><div class=\"fusion-column-wrapper fusion-column-has-shadow fusion-flex-justify-content-flex-start fusion-content-layout-column\"><div class=\"fusion-text fusion-text-1\"><h3>Citius, Altius, Fortius\u201d lema ol\u00edmpico pronunciado por Pierre de Coubertin en la inauguraci\u00f3n de los primeros Juegos Ol\u00edmpicos de la Edad Moderna en 1896 (Atenas), que muy bien se puede aplicar al gran Albert Cogul, un leridano de adopci\u00f3n que todos los d\u00edas nos demuestra desde su silla de ruedas su capacidad de resilencia y de alcanzar nuevos retos vitales.<\/h3>\n<p>Albert no nos deja de sorprender y demostrar que la determinaci\u00f3n y la voluntad de hacer es el camino de la superaci\u00f3n y, por supuesto, tener la empat\u00eda y visi\u00f3n para conseguir involucrar a sus desaf\u00edos vitales a un gran n\u00famero de gente.<\/p>\n<p>Ahora este referente de deportista en silla de ruedas nos ha sorprendido a todos llegando al \u201cCim\u201d; se puede ir m\u00e1s lejos, pero m\u00e1s alto parece ya imposible. Nada menos, Albert se ha convertido en la primera persona en silla de ruedas en subir hasta el campamento base del Everest, la monta\u00f1a m\u00e1s alta del mundo, situado a 5364 metros de altitud, que se dice pronto .<\/p>\n<p>Una verdadera haza\u00f1a que convierte a este \u201ctrotamundos\u201d en el primer europeo con paraplej\u00eda en conseguir este hito. Sin duda, todo un ejemplo de voluntad y resiliencia. Albert no ha estado solo en este hito, que ha dispuesto de un equipo de m\u00e1s de 30 personas indispensables para superar este reto tit\u00e1nico, entre otros sus dos hijos y los ocho portadores locales que le acompa\u00f1aron durante todo el trayecto, sin los que no habr\u00eda sido posible este hito hist\u00f3rico<br \/>\nEste martes, el deportista leridano con movilidad reducida Albert Cogul culmin\u00f3 con \u00e9xito un hito hist\u00f3rico impulsado por la Fundaci\u00f3n Sportium en el marco del CIM Project. Si el deporte es un ejemplo de compromiso y de trabajo en equipo esta nueva aventura de Albert es un buen ejemplo de esta m\u00e1xima deportiva, ya que todo el equipo tuvo un papel fundamental para que Cogul pudiera atravesar los pasos m\u00e1s dif\u00edciles de la ascensi\u00f3n en su silla de ruedas, de un modelo especial llamado Jo\u00ebllete.<\/p>\n<p>Este viaje a Itaca, comenz\u00f3 el 1 de noviembre saliendo de Barcelona hasta llegar a Lukla, donde el grupo inici\u00f3 el camino hacia el campamento base. All\u00ed empezaron siete etapas, divididas en nueve d\u00edas y m\u00e1s de treinta de trekking, para alcanzar el Campo Base del Everest. Un reto que trascede a la misma haza\u00f1a deportiva y que se convierte en un ejemplo de superaci\u00f3n y resiliencia, que viniendo de Albert nos sorprende un poco menos, ya que nos tiene \u201cacostumbrados\u201d a ver c\u00f3mo d\u00eda a d\u00eda se supera haciendo de la suya vida una verdadera aventura vital incluso desde una silla de ruedas.<br \/>\nCogul naci\u00f3 en Barcelona, \u200b\u200bpero se estableci\u00f3 en Lleida en 1991. En 2016 qued\u00f3 parapl\u00e9jico en un accidente de parapente y desde entonces ha recorrido m\u00e1s de 40 pa\u00edses en cuatro continentes, explorando el mundo y practicando deportes extremos de todo tipo .<\/p>\n<h2>Albert nuestra m\u00e1s sincera enhorabuena y reconocimiento<\/h2>\n<h3>Ortopedia Dissalud, especialistas en ortopedia y productos de apoyo. La mayor exposici\u00f3n de sillas de ruedas y handbikes de Lleida.<\/h3>\n<\/div><\/div><\/div><div class=\"fusion-layout-column fusion_builder_column fusion-builder-column-1 fusion_builder_column_1_1 1_1 fusion-flex-column\" style=\"--awb-padding-top:50px;--awb-bg-size:cover;--awb-width-large:100%;--awb-margin-top-large:0px;--awb-spacing-right-large:1.92%;--awb-margin-bottom-large:20px;--awb-spacing-left-large:1.92%;--awb-width-medium:100%;--awb-order-medium:0;--awb-spacing-right-medium:1.92%;--awb-spacing-left-medium:1.92%;--awb-width-small:100%;--awb-order-small:0;--awb-spacing-right-small:1.92%;--awb-spacing-left-small:1.92%;\" data-motion-effects=\"[{&quot;type&quot;:&quot;&quot;,&quot;scroll_type&quot;:&quot;transition&quot;,&quot;scroll_direction&quot;:&quot;up&quot;,&quot;transition_speed&quot;:&quot;1&quot;,&quot;fade_type&quot;:&quot;in&quot;,&quot;scale_type&quot;:&quot;up&quot;,&quot;initial_scale&quot;:&quot;1&quot;,&quot;max_scale&quot;:&quot;1.5&quot;,&quot;min_scale&quot;:&quot;0.5&quot;,&quot;initial_rotate&quot;:&quot;0&quot;,&quot;end_rotate&quot;:&quot;30&quot;,&quot;initial_blur&quot;:&quot;0&quot;,&quot;end_blur&quot;:&quot;3&quot;,&quot;start_element&quot;:&quot;top&quot;,&quot;start_viewport&quot;:&quot;bottom&quot;,&quot;end_element&quot;:&quot;bottom&quot;,&quot;end_viewport&quot;:&quot;top&quot;,&quot;mouse_effect&quot;:&quot;track&quot;,&quot;mouse_effect_direction&quot;:&quot;opposite&quot;,&quot;mouse_effect_speed&quot;:&quot;2&quot;,&quot;infinite_animation&quot;:&quot;float&quot;,&quot;infinite_animation_speed&quot;:&quot;2&quot;}]\" data-scroll-devices=\"small-visibility,medium-visibility,large-visibility\"><div class=\"fusion-column-wrapper fusion-column-has-shadow fusion-flex-justify-content-flex-start fusion-content-layout-column\"><div class=\"awb-gallery-wrapper awb-gallery-wrapper-1 button-span-no\" style=\"--more-btn-alignment:center;\"><div style=\"margin:-5px;--awb-aspect-ratio:1 \/ 1;--awb-bordersize:0px;\" class=\"fusion-gallery fusion-gallery-container fusion-grid-3 fusion-columns-total-2 fusion-gallery-layout-grid fusion-gallery-1 has-aspect-ratio\"><div style=\"padding:5px;\" class=\"fusion-grid-column fusion-gallery-column fusion-gallery-column-3 hover-type-none\"><div class=\"fusion-gallery-image\"><a href=\"https:\/\/dissalud.com\/wp-content\/uploads\/2024\/11\/Alber-Cogul-primer-europeo-en-subir-la-campo-base-Everest-ortopedia-lleida-Dissalud.png\" rel=\"noreferrer\" data-rel=\"iLightbox[gallery_image_1]\" class=\"fusion-lightbox\" target=\"_self\"><img decoding=\"async\" src=\"https:\/\/dissalud.com\/wp-content\/uploads\/2024\/11\/Alber-Cogul-primer-europeo-en-subir-la-campo-base-Everest-ortopedia-lleida-Dissalud.png\" width=\"534\" height=\"766\" alt=\"\" title=\"Alber Cogul primer europeo en subir la campo base Everest ortopedia lleida Dissalud\" aria-label=\"Alber Cogul primer europeo en subir la campo base Everest ortopedia lleida Dissalud\" class=\"img-responsive wp-image-4945\" srcset=\"https:\/\/dissalud.com\/wp-content\/uploads\/2024\/11\/Alber-Cogul-primer-europeo-en-subir-la-campo-base-Everest-ortopedia-lleida-Dissalud-200x287.png 200w, https:\/\/dissalud.com\/wp-content\/uploads\/2024\/11\/Alber-Cogul-primer-europeo-en-subir-la-campo-base-Everest-ortopedia-lleida-Dissalud-400x574.png 400w, https:\/\/dissalud.com\/wp-content\/uploads\/2024\/11\/Alber-Cogul-primer-europeo-en-subir-la-campo-base-Everest-ortopedia-lleida-Dissalud.png 534w\" sizes=\"(min-width: 2200px) 100vw, (min-width: 784px) 397px, (min-width: 712px) 595px, (min-width: 640px) 712px, \" \/><\/a><\/div><\/div><div style=\"padding:5px;\" class=\"fusion-grid-column fusion-gallery-column fusion-gallery-column-3 hover-type-none\"><div class=\"fusion-gallery-image\"><a href=\"https:\/\/dissalud.com\/wp-content\/uploads\/2024\/11\/Albert-Cogul-hace-historia-en-el-Everest-Ortopedia-Lleida-Dissalud.png\" rel=\"noreferrer\" data-rel=\"iLightbox[gallery_image_1]\" class=\"fusion-lightbox\" target=\"_self\"><img decoding=\"async\" src=\"https:\/\/dissalud.com\/wp-content\/uploads\/2024\/11\/Albert-Cogul-hace-historia-en-el-Everest-Ortopedia-Lleida-Dissalud.png\" width=\"521\" height=\"664\" alt=\"\" title=\"Albert Cogul hace historia en el Everest Ortopedia Lleida Dissalud\" aria-label=\"Albert Cogul hace historia en el Everest Ortopedia Lleida Dissalud\" class=\"img-responsive wp-image-4947\" srcset=\"https:\/\/dissalud.com\/wp-content\/uploads\/2024\/11\/Albert-Cogul-hace-historia-en-el-Everest-Ortopedia-Lleida-Dissalud-200x255.png 200w, https:\/\/dissalud.com\/wp-content\/uploads\/2024\/11\/Albert-Cogul-hace-historia-en-el-Everest-Ortopedia-Lleida-Dissalud-400x510.png 400w, https:\/\/dissalud.com\/wp-content\/uploads\/2024\/11\/Albert-Cogul-hace-historia-en-el-Everest-Ortopedia-Lleida-Dissalud.png 521w\" sizes=\"(min-width: 2200px) 100vw, (min-width: 784px) 397px, (min-width: 712px) 595px, (min-width: 640px) 712px, \" \/><\/a><\/div><\/div><\/div><\/div><\/div><\/div><\/div><\/div>\n","protected":false},"excerpt":{"rendered":"","protected":false},"author":1,"featured_media":4943,"comment_status":"open","ping_status":"open","sticky":false,"template":"","format":"standard","meta":{"footnotes":""},"categories":[16],"tags":[481,554],"class_list":["post-4935","post","type-post","status-publish","format-standard","has-post-thumbnail","hentry","category-noticia","tag-dissalud","tag-ortopedia-geriatrica-es"],"yoast_head":"<!-- This site is optimized with the Yoast SEO plugin v27.5 - https:\/\/yoast.com\/product\/yoast-seo-wordpress\/ -->\n<title>Albert Cogul, primer europeo con paraplej\u00eda en subir hasta el campamento base del Everest. Enhorabuena - Dissalud<\/title>\n<meta name=\"description\" content=\"Troba a Dissalud tot el que necessites en ortop\u00e8dia a Lleida. Qualitat, experi\u00e8ncia i atenci\u00f3 personalitzada per a tu i la teva fam\u00edlia\" \/>\n<meta name=\"robots\" content=\"index, follow, max-snippet:-1, max-image-preview:large, max-video-preview:-1\" \/>\n<link rel=\"canonical\" href=\"https:\/\/dissalud.com\/albert-cogul-primer-europeu-amb-paraplegia-en-pujar-fins-al-campament-base-de-leverest-enhorabona\/\" \/>\n<meta property=\"og:locale\" content=\"es_ES\" \/>\n<meta property=\"og:type\" content=\"article\" \/>\n<meta property=\"og:title\" content=\"Albert Cogul, primer europeo con paraplej\u00eda en subir hasta el campamento base del Everest. Enhorabuena - Dissalud\" \/>\n<meta property=\"og:description\" content=\"Troba a Dissalud tot el que necessites en ortop\u00e8dia a Lleida. Qualitat, experi\u00e8ncia i atenci\u00f3 personalitzada per a tu i la teva fam\u00edlia\" \/>\n<meta property=\"og:url\" content=\"https:\/\/dissalud.com\/albert-cogul-primer-europeu-amb-paraplegia-en-pujar-fins-al-campament-base-de-leverest-enhorabona\/\" \/>\n<meta property=\"og:site_name\" content=\"Dissalud\" \/>\n<meta property=\"article:publisher\" content=\"https:\/\/www.facebook.com\/dissaludlleida\/\" \/>\n<meta property=\"article:published_time\" content=\"2024-11-15T08:44:12+00:00\" \/>\n<meta property=\"article:modified_time\" content=\"2024-11-15T09:12:18+00:00\" \/>\n<meta property=\"og:image\" content=\"https:\/\/dissalud.com\/wp-content\/uploads\/2024\/11\/Ortopedia-Lleida-Dissalud-enhorabuena-Albert-Cogul.png\" \/>\n\t<meta property=\"og:image:width\" content=\"1080\" \/>\n\t<meta property=\"og:image:height\" content=\"1080\" \/>\n\t<meta property=\"og:image:type\" content=\"image\/png\" \/>\n<meta name=\"author\" content=\"admin\" \/>\n<meta name=\"twitter:card\" content=\"summary_large_image\" \/>\n<meta name=\"twitter:label1\" content=\"Escrito por\" \/>\n\t<meta name=\"twitter:data1\" content=\"admin\" \/>\n\t<meta name=\"twitter:label2\" content=\"Tiempo de lectura\" \/>\n\t<meta name=\"twitter:data2\" content=\"4 minutos\" \/>\n<script type=\"application\/ld+json\" class=\"yoast-schema-graph\">{\"@context\":\"https:\\\/\\\/schema.org\",\"@graph\":[{\"@type\":\"Article\",\"@id\":\"https:\\\/\\\/dissalud.com\\\/albert-cogul-primer-europeu-amb-paraplegia-en-pujar-fins-al-campament-base-de-leverest-enhorabona\\\/#article\",\"isPartOf\":{\"@id\":\"https:\\\/\\\/dissalud.com\\\/albert-cogul-primer-europeu-amb-paraplegia-en-pujar-fins-al-campament-base-de-leverest-enhorabona\\\/\"},\"author\":{\"name\":\"admin\",\"@id\":\"https:\\\/\\\/dissalud.com\\\/#\\\/schema\\\/person\\\/6326a7c70574c4a1555171f79b4c8c30\"},\"headline\":\"Albert Cogul, primer europeo con paraplej\u00eda en subir hasta el campamento base del Everest. Enhorabuena\",\"datePublished\":\"2024-11-15T08:44:12+00:00\",\"dateModified\":\"2024-11-15T09:12:18+00:00\",\"mainEntityOfPage\":{\"@id\":\"https:\\\/\\\/dissalud.com\\\/albert-cogul-primer-europeu-amb-paraplegia-en-pujar-fins-al-campament-base-de-leverest-enhorabona\\\/\"},\"wordCount\":2321,\"commentCount\":0,\"publisher\":{\"@id\":\"https:\\\/\\\/dissalud.com\\\/#organization\"},\"image\":{\"@id\":\"https:\\\/\\\/dissalud.com\\\/albert-cogul-primer-europeu-amb-paraplegia-en-pujar-fins-al-campament-base-de-leverest-enhorabona\\\/#primaryimage\"},\"thumbnailUrl\":\"https:\\\/\\\/dissalud.com\\\/wp-content\\\/uploads\\\/2024\\\/11\\\/Ortopedia-Lleida-Dissalud-enhorabuena-Albert-Cogul.png\",\"keywords\":[\"Dissalud\",\"Ortopedia geri\u00e0trica\"],\"articleSection\":[\"Noticia\"],\"inLanguage\":\"es\",\"potentialAction\":[{\"@type\":\"CommentAction\",\"name\":\"Comment\",\"target\":[\"https:\\\/\\\/dissalud.com\\\/albert-cogul-primer-europeu-amb-paraplegia-en-pujar-fins-al-campament-base-de-leverest-enhorabona\\\/#respond\"]}]},{\"@type\":\"WebPage\",\"@id\":\"https:\\\/\\\/dissalud.com\\\/albert-cogul-primer-europeu-amb-paraplegia-en-pujar-fins-al-campament-base-de-leverest-enhorabona\\\/\",\"url\":\"https:\\\/\\\/dissalud.com\\\/albert-cogul-primer-europeu-amb-paraplegia-en-pujar-fins-al-campament-base-de-leverest-enhorabona\\\/\",\"name\":\"Albert Cogul, primer europeo con paraplej\u00eda en subir hasta el campamento base del Everest. Enhorabuena - Dissalud\",\"isPartOf\":{\"@id\":\"https:\\\/\\\/dissalud.com\\\/#website\"},\"primaryImageOfPage\":{\"@id\":\"https:\\\/\\\/dissalud.com\\\/albert-cogul-primer-europeu-amb-paraplegia-en-pujar-fins-al-campament-base-de-leverest-enhorabona\\\/#primaryimage\"},\"image\":{\"@id\":\"https:\\\/\\\/dissalud.com\\\/albert-cogul-primer-europeu-amb-paraplegia-en-pujar-fins-al-campament-base-de-leverest-enhorabona\\\/#primaryimage\"},\"thumbnailUrl\":\"https:\\\/\\\/dissalud.com\\\/wp-content\\\/uploads\\\/2024\\\/11\\\/Ortopedia-Lleida-Dissalud-enhorabuena-Albert-Cogul.png\",\"datePublished\":\"2024-11-15T08:44:12+00:00\",\"dateModified\":\"2024-11-15T09:12:18+00:00\",\"description\":\"Troba a Dissalud tot el que necessites en ortop\u00e8dia a Lleida. Qualitat, experi\u00e8ncia i atenci\u00f3 personalitzada per a tu i la teva fam\u00edlia\",\"breadcrumb\":{\"@id\":\"https:\\\/\\\/dissalud.com\\\/albert-cogul-primer-europeu-amb-paraplegia-en-pujar-fins-al-campament-base-de-leverest-enhorabona\\\/#breadcrumb\"},\"inLanguage\":\"es\",\"potentialAction\":[{\"@type\":\"ReadAction\",\"target\":[\"https:\\\/\\\/dissalud.com\\\/albert-cogul-primer-europeu-amb-paraplegia-en-pujar-fins-al-campament-base-de-leverest-enhorabona\\\/\"]}]},{\"@type\":\"ImageObject\",\"inLanguage\":\"es\",\"@id\":\"https:\\\/\\\/dissalud.com\\\/albert-cogul-primer-europeu-amb-paraplegia-en-pujar-fins-al-campament-base-de-leverest-enhorabona\\\/#primaryimage\",\"url\":\"https:\\\/\\\/dissalud.com\\\/wp-content\\\/uploads\\\/2024\\\/11\\\/Ortopedia-Lleida-Dissalud-enhorabuena-Albert-Cogul.png\",\"contentUrl\":\"https:\\\/\\\/dissalud.com\\\/wp-content\\\/uploads\\\/2024\\\/11\\\/Ortopedia-Lleida-Dissalud-enhorabuena-Albert-Cogul.png\",\"width\":1080,\"height\":1080},{\"@type\":\"BreadcrumbList\",\"@id\":\"https:\\\/\\\/dissalud.com\\\/albert-cogul-primer-europeu-amb-paraplegia-en-pujar-fins-al-campament-base-de-leverest-enhorabona\\\/#breadcrumb\",\"itemListElement\":[{\"@type\":\"ListItem\",\"position\":1,\"name\":\"Home\",\"item\":\"https:\\\/\\\/dissalud.com\\\/es\\\/\"},{\"@type\":\"ListItem\",\"position\":2,\"name\":\"Albert Cogul, primer europeo con paraplej\u00eda en subir hasta el campamento base del Everest. Enhorabuena\"}]},{\"@type\":\"WebSite\",\"@id\":\"https:\\\/\\\/dissalud.com\\\/#website\",\"url\":\"https:\\\/\\\/dissalud.com\\\/\",\"name\":\"Dissalud\",\"description\":\"Ortop\u00e8dia i productes de suport\",\"publisher\":{\"@id\":\"https:\\\/\\\/dissalud.com\\\/#organization\"},\"potentialAction\":[{\"@type\":\"SearchAction\",\"target\":{\"@type\":\"EntryPoint\",\"urlTemplate\":\"https:\\\/\\\/dissalud.com\\\/?s={search_term_string}\"},\"query-input\":{\"@type\":\"PropertyValueSpecification\",\"valueRequired\":true,\"valueName\":\"search_term_string\"}}],\"inLanguage\":\"es\"},{\"@type\":\"Organization\",\"@id\":\"https:\\\/\\\/dissalud.com\\\/#organization\",\"name\":\"Dissalud\",\"url\":\"https:\\\/\\\/dissalud.com\\\/\",\"logo\":{\"@type\":\"ImageObject\",\"inLanguage\":\"es\",\"@id\":\"https:\\\/\\\/dissalud.com\\\/#\\\/schema\\\/logo\\\/image\\\/\",\"url\":\"https:\\\/\\\/dissalud.com\\\/wp-content\\\/uploads\\\/2025\\\/02\\\/LOGO_DISSALUD.jpg\",\"contentUrl\":\"https:\\\/\\\/dissalud.com\\\/wp-content\\\/uploads\\\/2025\\\/02\\\/LOGO_DISSALUD.jpg\",\"width\":225,\"height\":225,\"caption\":\"Dissalud\"},\"image\":{\"@id\":\"https:\\\/\\\/dissalud.com\\\/#\\\/schema\\\/logo\\\/image\\\/\"},\"sameAs\":[\"https:\\\/\\\/www.facebook.com\\\/dissaludlleida\\\/\",\"https:\\\/\\\/www.instagram.com\\\/ortopedia_dissalud\\\/\"]},{\"@type\":\"Person\",\"@id\":\"https:\\\/\\\/dissalud.com\\\/#\\\/schema\\\/person\\\/6326a7c70574c4a1555171f79b4c8c30\",\"name\":\"admin\",\"image\":{\"@type\":\"ImageObject\",\"inLanguage\":\"es\",\"@id\":\"https:\\\/\\\/secure.gravatar.com\\\/avatar\\\/3d8771e958295f415804336505f0c6faebfe16c066754f8f90e0b5a1023ffc77?s=96&d=mm&r=g\",\"url\":\"https:\\\/\\\/secure.gravatar.com\\\/avatar\\\/3d8771e958295f415804336505f0c6faebfe16c066754f8f90e0b5a1023ffc77?s=96&d=mm&r=g\",\"contentUrl\":\"https:\\\/\\\/secure.gravatar.com\\\/avatar\\\/3d8771e958295f415804336505f0c6faebfe16c066754f8f90e0b5a1023ffc77?s=96&d=mm&r=g\",\"caption\":\"admin\"},\"sameAs\":[\"https:\\\/\\\/dissalud.com\"],\"url\":\"https:\\\/\\\/dissalud.com\\\/es\\\/author\\\/jordi_j8bae8x1\\\/\"}]}<\/script>\n<!-- \/ Yoast SEO plugin. -->","yoast_head_json":{"title":"Albert Cogul, primer europeo con paraplej\u00eda en subir hasta el campamento base del Everest. Enhorabuena - Dissalud","description":"Troba a Dissalud tot el que necessites en ortop\u00e8dia a Lleida. Qualitat, experi\u00e8ncia i atenci\u00f3 personalitzada per a tu i la teva fam\u00edlia","robots":{"index":"index","follow":"follow","max-snippet":"max-snippet:-1","max-image-preview":"max-image-preview:large","max-video-preview":"max-video-preview:-1"},"canonical":"https:\/\/dissalud.com\/albert-cogul-primer-europeu-amb-paraplegia-en-pujar-fins-al-campament-base-de-leverest-enhorabona\/","og_locale":"es_ES","og_type":"article","og_title":"Albert Cogul, primer europeo con paraplej\u00eda en subir hasta el campamento base del Everest. Enhorabuena - Dissalud","og_description":"Troba a Dissalud tot el que necessites en ortop\u00e8dia a Lleida. Qualitat, experi\u00e8ncia i atenci\u00f3 personalitzada per a tu i la teva fam\u00edlia","og_url":"https:\/\/dissalud.com\/albert-cogul-primer-europeu-amb-paraplegia-en-pujar-fins-al-campament-base-de-leverest-enhorabona\/","og_site_name":"Dissalud","article_publisher":"https:\/\/www.facebook.com\/dissaludlleida\/","article_published_time":"2024-11-15T08:44:12+00:00","article_modified_time":"2024-11-15T09:12:18+00:00","og_image":[{"width":1080,"height":1080,"url":"https:\/\/dissalud.com\/wp-content\/uploads\/2024\/11\/Ortopedia-Lleida-Dissalud-enhorabuena-Albert-Cogul.png","type":"image\/png"}],"author":"admin","twitter_card":"summary_large_image","twitter_misc":{"Escrito por":"admin","Tiempo de lectura":"4 minutos"},"schema":{"@context":"https:\/\/schema.org","@graph":[{"@type":"Article","@id":"https:\/\/dissalud.com\/albert-cogul-primer-europeu-amb-paraplegia-en-pujar-fins-al-campament-base-de-leverest-enhorabona\/#article","isPartOf":{"@id":"https:\/\/dissalud.com\/albert-cogul-primer-europeu-amb-paraplegia-en-pujar-fins-al-campament-base-de-leverest-enhorabona\/"},"author":{"name":"admin","@id":"https:\/\/dissalud.com\/#\/schema\/person\/6326a7c70574c4a1555171f79b4c8c30"},"headline":"Albert Cogul, primer europeo con paraplej\u00eda en subir hasta el campamento base del Everest. Enhorabuena","datePublished":"2024-11-15T08:44:12+00:00","dateModified":"2024-11-15T09:12:18+00:00","mainEntityOfPage":{"@id":"https:\/\/dissalud.com\/albert-cogul-primer-europeu-amb-paraplegia-en-pujar-fins-al-campament-base-de-leverest-enhorabona\/"},"wordCount":2321,"commentCount":0,"publisher":{"@id":"https:\/\/dissalud.com\/#organization"},"image":{"@id":"https:\/\/dissalud.com\/albert-cogul-primer-europeu-amb-paraplegia-en-pujar-fins-al-campament-base-de-leverest-enhorabona\/#primaryimage"},"thumbnailUrl":"https:\/\/dissalud.com\/wp-content\/uploads\/2024\/11\/Ortopedia-Lleida-Dissalud-enhorabuena-Albert-Cogul.png","keywords":["Dissalud","Ortopedia geri\u00e0trica"],"articleSection":["Noticia"],"inLanguage":"es","potentialAction":[{"@type":"CommentAction","name":"Comment","target":["https:\/\/dissalud.com\/albert-cogul-primer-europeu-amb-paraplegia-en-pujar-fins-al-campament-base-de-leverest-enhorabona\/#respond"]}]},{"@type":"WebPage","@id":"https:\/\/dissalud.com\/albert-cogul-primer-europeu-amb-paraplegia-en-pujar-fins-al-campament-base-de-leverest-enhorabona\/","url":"https:\/\/dissalud.com\/albert-cogul-primer-europeu-amb-paraplegia-en-pujar-fins-al-campament-base-de-leverest-enhorabona\/","name":"Albert Cogul, primer europeo con paraplej\u00eda en subir hasta el campamento base del Everest. Enhorabuena - Dissalud","isPartOf":{"@id":"https:\/\/dissalud.com\/#website"},"primaryImageOfPage":{"@id":"https:\/\/dissalud.com\/albert-cogul-primer-europeu-amb-paraplegia-en-pujar-fins-al-campament-base-de-leverest-enhorabona\/#primaryimage"},"image":{"@id":"https:\/\/dissalud.com\/albert-cogul-primer-europeu-amb-paraplegia-en-pujar-fins-al-campament-base-de-leverest-enhorabona\/#primaryimage"},"thumbnailUrl":"https:\/\/dissalud.com\/wp-content\/uploads\/2024\/11\/Ortopedia-Lleida-Dissalud-enhorabuena-Albert-Cogul.png","datePublished":"2024-11-15T08:44:12+00:00","dateModified":"2024-11-15T09:12:18+00:00","description":"Troba a Dissalud tot el que necessites en ortop\u00e8dia a Lleida. Qualitat, experi\u00e8ncia i atenci\u00f3 personalitzada per a tu i la teva fam\u00edlia","breadcrumb":{"@id":"https:\/\/dissalud.com\/albert-cogul-primer-europeu-amb-paraplegia-en-pujar-fins-al-campament-base-de-leverest-enhorabona\/#breadcrumb"},"inLanguage":"es","potentialAction":[{"@type":"ReadAction","target":["https:\/\/dissalud.com\/albert-cogul-primer-europeu-amb-paraplegia-en-pujar-fins-al-campament-base-de-leverest-enhorabona\/"]}]},{"@type":"ImageObject","inLanguage":"es","@id":"https:\/\/dissalud.com\/albert-cogul-primer-europeu-amb-paraplegia-en-pujar-fins-al-campament-base-de-leverest-enhorabona\/#primaryimage","url":"https:\/\/dissalud.com\/wp-content\/uploads\/2024\/11\/Ortopedia-Lleida-Dissalud-enhorabuena-Albert-Cogul.png","contentUrl":"https:\/\/dissalud.com\/wp-content\/uploads\/2024\/11\/Ortopedia-Lleida-Dissalud-enhorabuena-Albert-Cogul.png","width":1080,"height":1080},{"@type":"BreadcrumbList","@id":"https:\/\/dissalud.com\/albert-cogul-primer-europeu-amb-paraplegia-en-pujar-fins-al-campament-base-de-leverest-enhorabona\/#breadcrumb","itemListElement":[{"@type":"ListItem","position":1,"name":"Home","item":"https:\/\/dissalud.com\/es\/"},{"@type":"ListItem","position":2,"name":"Albert Cogul, primer europeo con paraplej\u00eda en subir hasta el campamento base del Everest. Enhorabuena"}]},{"@type":"WebSite","@id":"https:\/\/dissalud.com\/#website","url":"https:\/\/dissalud.com\/","name":"Dissalud","description":"Ortop\u00e8dia i productes de suport","publisher":{"@id":"https:\/\/dissalud.com\/#organization"},"potentialAction":[{"@type":"SearchAction","target":{"@type":"EntryPoint","urlTemplate":"https:\/\/dissalud.com\/?s={search_term_string}"},"query-input":{"@type":"PropertyValueSpecification","valueRequired":true,"valueName":"search_term_string"}}],"inLanguage":"es"},{"@type":"Organization","@id":"https:\/\/dissalud.com\/#organization","name":"Dissalud","url":"https:\/\/dissalud.com\/","logo":{"@type":"ImageObject","inLanguage":"es","@id":"https:\/\/dissalud.com\/#\/schema\/logo\/image\/","url":"https:\/\/dissalud.com\/wp-content\/uploads\/2025\/02\/LOGO_DISSALUD.jpg","contentUrl":"https:\/\/dissalud.com\/wp-content\/uploads\/2025\/02\/LOGO_DISSALUD.jpg","width":225,"height":225,"caption":"Dissalud"},"image":{"@id":"https:\/\/dissalud.com\/#\/schema\/logo\/image\/"},"sameAs":["https:\/\/www.facebook.com\/dissaludlleida\/","https:\/\/www.instagram.com\/ortopedia_dissalud\/"]},{"@type":"Person","@id":"https:\/\/dissalud.com\/#\/schema\/person\/6326a7c70574c4a1555171f79b4c8c30","name":"admin","image":{"@type":"ImageObject","inLanguage":"es","@id":"https:\/\/secure.gravatar.com\/avatar\/3d8771e958295f415804336505f0c6faebfe16c066754f8f90e0b5a1023ffc77?s=96&d=mm&r=g","url":"https:\/\/secure.gravatar.com\/avatar\/3d8771e958295f415804336505f0c6faebfe16c066754f8f90e0b5a1023ffc77?s=96&d=mm&r=g","contentUrl":"https:\/\/secure.gravatar.com\/avatar\/3d8771e958295f415804336505f0c6faebfe16c066754f8f90e0b5a1023ffc77?s=96&d=mm&r=g","caption":"admin"},"sameAs":["https:\/\/dissalud.com"],"url":"https:\/\/dissalud.com\/es\/author\/jordi_j8bae8x1\/"}]}},"_links":{"self":[{"href":"https:\/\/dissalud.com\/es\/wp-json\/wp\/v2\/posts\/4935","targetHints":{"allow":["GET"]}}],"collection":[{"href":"https:\/\/dissalud.com\/es\/wp-json\/wp\/v2\/posts"}],"about":[{"href":"https:\/\/dissalud.com\/es\/wp-json\/wp\/v2\/types\/post"}],"author":[{"embeddable":true,"href":"https:\/\/dissalud.com\/es\/wp-json\/wp\/v2\/users\/1"}],"replies":[{"embeddable":true,"href":"https:\/\/dissalud.com\/es\/wp-json\/wp\/v2\/comments?post=4935"}],"version-history":[{"count":1,"href":"https:\/\/dissalud.com\/es\/wp-json\/wp\/v2\/posts\/4935\/revisions"}],"predecessor-version":[{"id":4949,"href":"https:\/\/dissalud.com\/es\/wp-json\/wp\/v2\/posts\/4935\/revisions\/4949"}],"wp:featuredmedia":[{"embeddable":true,"href":"https:\/\/dissalud.com\/es\/wp-json\/wp\/v2\/media\/4943"}],"wp:attachment":[{"href":"https:\/\/dissalud.com\/es\/wp-json\/wp\/v2\/media?parent=4935"}],"wp:term":[{"taxonomy":"category","embeddable":true,"href":"https:\/\/dissalud.com\/es\/wp-json\/wp\/v2\/categories?post=4935"},{"taxonomy":"post_tag","embeddable":true,"href":"https:\/\/dissalud.com\/es\/wp-json\/wp\/v2\/tags?post=4935"}],"curies":[{"name":"wp","href":"https:\/\/api.w.org\/{rel}","templated":true}]}}