{"id":4954,"date":"2024-12-03T10:06:45","date_gmt":"2024-12-03T09:06:45","guid":{"rendered":"https:\/\/dissalud.com\/?p=4954"},"modified":"2024-12-03T10:06:45","modified_gmt":"2024-12-03T09:06:45","slug":"dia-internacional-de-las-personas-con-discapacidad-un-compromiso-por-la-inclusion-plena","status":"publish","type":"post","link":"https:\/\/dissalud.com\/es\/dia-internacional-de-las-personas-con-discapacidad-un-compromiso-por-la-inclusion-plena\/","title":{"rendered":"D\u00eda Internacional de las Personas con Discapacidad: un compromiso por la inclusi\u00f3n plena"},"content":{"rendered":"<div class=\"fusion-fullwidth fullwidth-box fusion-builder-row-1 fusion-flex-container has-pattern-background has-mask-background nonhundred-percent-fullwidth non-hundred-percent-height-scrolling\" style=\"--awb-border-radius-top-left:0px;--awb-border-radius-top-right:0px;--awb-border-radius-bottom-right:0px;--awb-border-radius-bottom-left:0px;--awb-padding-top:70px;--awb-padding-right:150px;--awb-padding-bottom:50px;--awb-padding-left:150px;--awb-padding-top-small:30px;--awb-padding-right-small:5%;--awb-padding-bottom-small:0px;--awb-padding-left-small:5%;--awb-flex-wrap:wrap;\" ><div class=\"fusion-builder-row fusion-row fusion-flex-align-items-flex-start fusion-flex-content-wrap\" style=\"max-width:1248px;margin-left: calc(-4% \/ 2 );margin-right: calc(-4% \/ 2 );\"><div class=\"fusion-layout-column fusion_builder_column fusion-builder-column-0 fusion_builder_column_1_1 1_1 fusion-flex-column\" style=\"--awb-bg-size:cover;--awb-width-large:100%;--awb-margin-top-large:0px;--awb-spacing-right-large:1.92%;--awb-margin-bottom-large:20px;--awb-spacing-left-large:1.92%;--awb-width-medium:100%;--awb-order-medium:0;--awb-spacing-right-medium:1.92%;--awb-spacing-left-medium:1.92%;--awb-width-small:100%;--awb-order-small:0;--awb-spacing-right-small:1.92%;--awb-spacing-left-small:1.92%;\"><div class=\"fusion-column-wrapper fusion-column-has-shadow fusion-flex-justify-content-flex-start fusion-content-layout-column\"><div class=\"fusion-text fusion-text-1\"><h3>Hoy, 3 de diciembre, celebramos el <strong>D\u00eda Internacional de las Personas con Discapacidad<\/strong>, una efem\u00e9ride instaurada por las Naciones Unidas con el objetivo de sensibilizar a la opini\u00f3n p\u00fablica sobre los temas relacionados con la discapacidad y fomentar una mayor integraci\u00f3n de las personas con discapacidad en todos los aspectos de la vida pol\u00edtia, social, econ\u00f3mica y cultural<\/h3>\n<p>Bajo el lema \u00abNada sobre nosotros sin nosotros\u00bb, este d\u00eda nos invita a reflexionar y actuar para construir una sociedad m\u00e1s inclusiva y accesible para todos. Este lema pone de relieve, adem\u00e1s, la importancia de que las personas con discapacidad sean protagonistas en la toma de decisiones sobre sus vidas.<\/p>\n<p>Desde Ortop\u00e8dia <strong>Dissalud Ortop\u00e8dia<\/strong>, queremos sumarnos a este importante mensaje, reafirmando nuestro compromiso con la igualdad y la autonom\u00eda de las personas con discapacidad y poniendo en valor la importancia de que la sociedad sea plenamente conscientes de este hecho, promoviendo a su vez el liderazgo y la participaci\u00f3n activa de las personas con discapacidad.<\/p>\n<h4>La inclusi\u00f3n como motor de cambio<\/h4>\n<p>El D\u00eda Internacional de las Personas con Discapacidad nos recuerda la importancia de eliminar barreras, tanto f\u00edsicas como sociales, que dificultan la participaci\u00f3n plena y equitativa de las personas con discapacidad. Adem\u00e1s, somos conscientes de los beneficios que tiene la participaci\u00f3n activa en la sociedad, tanto desde un punto de vista f\u00edsico como psicol\u00f3gico.<\/p>\n<h4>Nuestro compromiso con la comunidad<\/h4>\n<p>Trabajamos bajo una filosof\u00eda clara: cada cliente es \u00fanico y merece una soluci\u00f3n personalizada que respalde su independencia y calidad de vida. En este d\u00eda tan significativo, reafirmamos nuestro compromiso de seguir innovando y ampliando nuestra oferta de productos y servicios para que ninguna necesidad quede sin respuesta. Queremos ser aliados en el camino hacia una sociedad m\u00e1s equitativa, colaborando no solo desde la atenci\u00f3n profesional, sino tambi\u00e9n desde la concienciaci\u00f3n sobre los derechos y las capacidades de todas las personas.<\/p>\n<p>En Dissalud, creemos firmemente en el poder de la inclusi\u00f3n para transformar vidas y comunidades. Hoy y siempre, trabajamos para construir un entorno donde las diferencias no sean obst\u00e1culos, sino motores de enriquecimiento y progreso colectivo\u200b\u200b.<\/p>\n<p>En nuestras instalaciones del Paseo de Ronda 144, dedicamos nuestro esfuerzo a ofrecer soluciones ortop\u00e9dicas personalizadas y productos de apoyo dise\u00f1ados para mejorar la calidad de vida y promover la independencia. Con m\u00e1s de 300 m\u00b2 de exposici\u00f3n y un equipo altamente especializado, trabajamos para ofrecer un asesoramiento experto y productos adaptados a cada necesidad\u200b\u200b.<\/p>\n<h2>\u00a1La inclusi\u00f3n es tarea de todos!<\/h2>\n<h2><a href=\"https:\/\/dissalud.com\/es\/empresa\/\">Ortopedia Dissalud, tu centro de referencia en productos ortop\u00e9dicos y ayudas t\u00e9cnicas<\/a><\/h2>\n<\/div><\/div><\/div><div class=\"fusion-layout-column fusion_builder_column fusion-builder-column-1 fusion_builder_column_1_1 1_1 fusion-flex-column\" style=\"--awb-padding-top:50px;--awb-bg-size:cover;--awb-width-large:100%;--awb-margin-top-large:0px;--awb-spacing-right-large:1.92%;--awb-margin-bottom-large:20px;--awb-spacing-left-large:1.92%;--awb-width-medium:100%;--awb-order-medium:0;--awb-spacing-right-medium:1.92%;--awb-spacing-left-medium:1.92%;--awb-width-small:100%;--awb-order-small:0;--awb-spacing-right-small:1.92%;--awb-spacing-left-small:1.92%;\" data-motion-effects=\"[{&quot;type&quot;:&quot;&quot;,&quot;scroll_type&quot;:&quot;transition&quot;,&quot;scroll_direction&quot;:&quot;up&quot;,&quot;transition_speed&quot;:&quot;1&quot;,&quot;fade_type&quot;:&quot;in&quot;,&quot;scale_type&quot;:&quot;up&quot;,&quot;initial_scale&quot;:&quot;1&quot;,&quot;max_scale&quot;:&quot;1.5&quot;,&quot;min_scale&quot;:&quot;0.5&quot;,&quot;initial_rotate&quot;:&quot;0&quot;,&quot;end_rotate&quot;:&quot;30&quot;,&quot;initial_blur&quot;:&quot;0&quot;,&quot;end_blur&quot;:&quot;3&quot;,&quot;start_element&quot;:&quot;top&quot;,&quot;start_viewport&quot;:&quot;bottom&quot;,&quot;end_element&quot;:&quot;bottom&quot;,&quot;end_viewport&quot;:&quot;top&quot;,&quot;mouse_effect&quot;:&quot;track&quot;,&quot;mouse_effect_direction&quot;:&quot;opposite&quot;,&quot;mouse_effect_speed&quot;:&quot;2&quot;,&quot;infinite_animation&quot;:&quot;float&quot;,&quot;infinite_animation_speed&quot;:&quot;2&quot;}]\" data-scroll-devices=\"small-visibility,medium-visibility,large-visibility\"><div class=\"fusion-column-wrapper fusion-column-has-shadow fusion-flex-justify-content-flex-start fusion-content-layout-column\"><div class=\"awb-gallery-wrapper awb-gallery-wrapper-1 button-span-no\" style=\"--more-btn-alignment:center;\"><div style=\"margin:-5px;--awb-aspect-ratio:1 \/ 1;--awb-bordersize:0px;\" class=\"fusion-gallery fusion-gallery-container fusion-grid-3 fusion-columns-total-0 fusion-gallery-layout-grid fusion-gallery-1 has-aspect-ratio\"><\/div><\/div><\/div><\/div><\/div><\/div>\n","protected":false},"excerpt":{"rendered":"","protected":false},"author":1,"featured_media":4956,"comment_status":"open","ping_status":"open","sticky":false,"template":"","format":"standard","meta":{"footnotes":""},"categories":[16],"tags":[512,639,638,481,519,479,554,480],"class_list":["post-4954","post","type-post","status-publish","format-standard","has-post-thumbnail","hentry","category-noticia","tag-ayudas-tecnicas","tag-discapacidad","tag-discapacitat","tag-dissalud","tag-ortesis-es","tag-ortopedia","tag-ortopedia-geriatrica-es","tag-ortopedia-lleida"],"yoast_head":"<!-- This site is optimized with the Yoast SEO plugin v27.5 - https:\/\/yoast.com\/product\/yoast-seo-wordpress\/ -->\n<title>D\u00eda Internacional de las Personas con Discapacidad: un compromiso por la inclusi\u00f3n plena - Dissalud<\/title>\n<meta name=\"robots\" content=\"index, follow, max-snippet:-1, max-image-preview:large, max-video-preview:-1\" \/>\n<link rel=\"canonical\" href=\"https:\/\/dissalud.com\/es\/dia-internacional-de-las-personas-con-discapacidad-un-compromiso-por-la-inclusion-plena\/\" \/>\n<meta property=\"og:locale\" content=\"es_ES\" \/>\n<meta property=\"og:type\" content=\"article\" \/>\n<meta property=\"og:title\" content=\"D\u00eda Internacional de las Personas con Discapacidad: un compromiso por la inclusi\u00f3n plena - Dissalud\" \/>\n<meta property=\"og:url\" content=\"https:\/\/dissalud.com\/es\/dia-internacional-de-las-personas-con-discapacidad-un-compromiso-por-la-inclusion-plena\/\" \/>\n<meta property=\"og:site_name\" content=\"Dissalud\" \/>\n<meta property=\"article:publisher\" content=\"https:\/\/www.facebook.com\/dissaludlleida\/\" \/>\n<meta property=\"article:published_time\" content=\"2024-12-03T09:06:45+00:00\" \/>\n<meta property=\"og:image\" content=\"https:\/\/dissalud.com\/wp-content\/uploads\/2024\/12\/Ortopedias-Lleida-Dissalud.png\" \/>\n\t<meta property=\"og:image:width\" content=\"1080\" \/>\n\t<meta property=\"og:image:height\" content=\"1080\" \/>\n\t<meta property=\"og:image:type\" content=\"image\/png\" \/>\n<meta name=\"author\" content=\"admin\" \/>\n<meta name=\"twitter:card\" content=\"summary_large_image\" \/>\n<meta name=\"twitter:label1\" content=\"Escrito por\" \/>\n\t<meta name=\"twitter:data1\" content=\"admin\" \/>\n\t<meta name=\"twitter:label2\" content=\"Tiempo de lectura\" \/>\n\t<meta name=\"twitter:data2\" content=\"3 minutos\" \/>\n<script type=\"application\/ld+json\" class=\"yoast-schema-graph\">{\"@context\":\"https:\\\/\\\/schema.org\",\"@graph\":[{\"@type\":\"Article\",\"@id\":\"https:\\\/\\\/dissalud.com\\\/es\\\/dia-internacional-de-las-personas-con-discapacidad-un-compromiso-por-la-inclusion-plena\\\/#article\",\"isPartOf\":{\"@id\":\"https:\\\/\\\/dissalud.com\\\/es\\\/dia-internacional-de-las-personas-con-discapacidad-un-compromiso-por-la-inclusion-plena\\\/\"},\"author\":{\"name\":\"admin\",\"@id\":\"https:\\\/\\\/dissalud.com\\\/#\\\/schema\\\/person\\\/6326a7c70574c4a1555171f79b4c8c30\"},\"headline\":\"D\u00eda Internacional de las Personas con Discapacidad: un compromiso por la inclusi\u00f3n plena\",\"datePublished\":\"2024-12-03T09:06:45+00:00\",\"mainEntityOfPage\":{\"@id\":\"https:\\\/\\\/dissalud.com\\\/es\\\/dia-internacional-de-las-personas-con-discapacidad-un-compromiso-por-la-inclusion-plena\\\/\"},\"wordCount\":2179,\"commentCount\":0,\"publisher\":{\"@id\":\"https:\\\/\\\/dissalud.com\\\/#organization\"},\"image\":{\"@id\":\"https:\\\/\\\/dissalud.com\\\/es\\\/dia-internacional-de-las-personas-con-discapacidad-un-compromiso-por-la-inclusion-plena\\\/#primaryimage\"},\"thumbnailUrl\":\"https:\\\/\\\/dissalud.com\\\/wp-content\\\/uploads\\\/2024\\\/12\\\/Ortopedias-Lleida-Dissalud.png\",\"keywords\":[\"Ayudas t\u00e9cnicas\",\"Discapacidad\",\"Discapacitat\",\"Dissalud\",\"Ortesis\",\"Ortopedia\",\"Ortopedia geri\u00e0trica\",\"Ortopedia Lleida\"],\"articleSection\":[\"Noticia\"],\"inLanguage\":\"es\",\"potentialAction\":[{\"@type\":\"CommentAction\",\"name\":\"Comment\",\"target\":[\"https:\\\/\\\/dissalud.com\\\/es\\\/dia-internacional-de-las-personas-con-discapacidad-un-compromiso-por-la-inclusion-plena\\\/#respond\"]}]},{\"@type\":\"WebPage\",\"@id\":\"https:\\\/\\\/dissalud.com\\\/es\\\/dia-internacional-de-las-personas-con-discapacidad-un-compromiso-por-la-inclusion-plena\\\/\",\"url\":\"https:\\\/\\\/dissalud.com\\\/es\\\/dia-internacional-de-las-personas-con-discapacidad-un-compromiso-por-la-inclusion-plena\\\/\",\"name\":\"D\u00eda Internacional de las Personas con Discapacidad: un compromiso por la inclusi\u00f3n plena - Dissalud\",\"isPartOf\":{\"@id\":\"https:\\\/\\\/dissalud.com\\\/#website\"},\"primaryImageOfPage\":{\"@id\":\"https:\\\/\\\/dissalud.com\\\/es\\\/dia-internacional-de-las-personas-con-discapacidad-un-compromiso-por-la-inclusion-plena\\\/#primaryimage\"},\"image\":{\"@id\":\"https:\\\/\\\/dissalud.com\\\/es\\\/dia-internacional-de-las-personas-con-discapacidad-un-compromiso-por-la-inclusion-plena\\\/#primaryimage\"},\"thumbnailUrl\":\"https:\\\/\\\/dissalud.com\\\/wp-content\\\/uploads\\\/2024\\\/12\\\/Ortopedias-Lleida-Dissalud.png\",\"datePublished\":\"2024-12-03T09:06:45+00:00\",\"breadcrumb\":{\"@id\":\"https:\\\/\\\/dissalud.com\\\/es\\\/dia-internacional-de-las-personas-con-discapacidad-un-compromiso-por-la-inclusion-plena\\\/#breadcrumb\"},\"inLanguage\":\"es\",\"potentialAction\":[{\"@type\":\"ReadAction\",\"target\":[\"https:\\\/\\\/dissalud.com\\\/es\\\/dia-internacional-de-las-personas-con-discapacidad-un-compromiso-por-la-inclusion-plena\\\/\"]}]},{\"@type\":\"ImageObject\",\"inLanguage\":\"es\",\"@id\":\"https:\\\/\\\/dissalud.com\\\/es\\\/dia-internacional-de-las-personas-con-discapacidad-un-compromiso-por-la-inclusion-plena\\\/#primaryimage\",\"url\":\"https:\\\/\\\/dissalud.com\\\/wp-content\\\/uploads\\\/2024\\\/12\\\/Ortopedias-Lleida-Dissalud.png\",\"contentUrl\":\"https:\\\/\\\/dissalud.com\\\/wp-content\\\/uploads\\\/2024\\\/12\\\/Ortopedias-Lleida-Dissalud.png\",\"width\":1080,\"height\":1080},{\"@type\":\"BreadcrumbList\",\"@id\":\"https:\\\/\\\/dissalud.com\\\/es\\\/dia-internacional-de-las-personas-con-discapacidad-un-compromiso-por-la-inclusion-plena\\\/#breadcrumb\",\"itemListElement\":[{\"@type\":\"ListItem\",\"position\":1,\"name\":\"Home\",\"item\":\"https:\\\/\\\/dissalud.com\\\/es\\\/\"},{\"@type\":\"ListItem\",\"position\":2,\"name\":\"D\u00eda Internacional de las Personas con Discapacidad: un compromiso por la inclusi\u00f3n plena\"}]},{\"@type\":\"WebSite\",\"@id\":\"https:\\\/\\\/dissalud.com\\\/#website\",\"url\":\"https:\\\/\\\/dissalud.com\\\/\",\"name\":\"Dissalud\",\"description\":\"Ortop\u00e8dia i productes de suport\",\"publisher\":{\"@id\":\"https:\\\/\\\/dissalud.com\\\/#organization\"},\"potentialAction\":[{\"@type\":\"SearchAction\",\"target\":{\"@type\":\"EntryPoint\",\"urlTemplate\":\"https:\\\/\\\/dissalud.com\\\/?s={search_term_string}\"},\"query-input\":{\"@type\":\"PropertyValueSpecification\",\"valueRequired\":true,\"valueName\":\"search_term_string\"}}],\"inLanguage\":\"es\"},{\"@type\":\"Organization\",\"@id\":\"https:\\\/\\\/dissalud.com\\\/#organization\",\"name\":\"Dissalud\",\"url\":\"https:\\\/\\\/dissalud.com\\\/\",\"logo\":{\"@type\":\"ImageObject\",\"inLanguage\":\"es\",\"@id\":\"https:\\\/\\\/dissalud.com\\\/#\\\/schema\\\/logo\\\/image\\\/\",\"url\":\"https:\\\/\\\/dissalud.com\\\/wp-content\\\/uploads\\\/2025\\\/02\\\/LOGO_DISSALUD.jpg\",\"contentUrl\":\"https:\\\/\\\/dissalud.com\\\/wp-content\\\/uploads\\\/2025\\\/02\\\/LOGO_DISSALUD.jpg\",\"width\":225,\"height\":225,\"caption\":\"Dissalud\"},\"image\":{\"@id\":\"https:\\\/\\\/dissalud.com\\\/#\\\/schema\\\/logo\\\/image\\\/\"},\"sameAs\":[\"https:\\\/\\\/www.facebook.com\\\/dissaludlleida\\\/\",\"https:\\\/\\\/www.instagram.com\\\/ortopedia_dissalud\\\/\"]},{\"@type\":\"Person\",\"@id\":\"https:\\\/\\\/dissalud.com\\\/#\\\/schema\\\/person\\\/6326a7c70574c4a1555171f79b4c8c30\",\"name\":\"admin\",\"image\":{\"@type\":\"ImageObject\",\"inLanguage\":\"es\",\"@id\":\"https:\\\/\\\/secure.gravatar.com\\\/avatar\\\/3d8771e958295f415804336505f0c6faebfe16c066754f8f90e0b5a1023ffc77?s=96&d=mm&r=g\",\"url\":\"https:\\\/\\\/secure.gravatar.com\\\/avatar\\\/3d8771e958295f415804336505f0c6faebfe16c066754f8f90e0b5a1023ffc77?s=96&d=mm&r=g\",\"contentUrl\":\"https:\\\/\\\/secure.gravatar.com\\\/avatar\\\/3d8771e958295f415804336505f0c6faebfe16c066754f8f90e0b5a1023ffc77?s=96&d=mm&r=g\",\"caption\":\"admin\"},\"sameAs\":[\"https:\\\/\\\/dissalud.com\"],\"url\":\"https:\\\/\\\/dissalud.com\\\/es\\\/author\\\/jordi_j8bae8x1\\\/\"}]}<\/script>\n<!-- \/ Yoast SEO plugin. -->","yoast_head_json":{"title":"D\u00eda Internacional de las Personas con Discapacidad: un compromiso por la inclusi\u00f3n plena - Dissalud","robots":{"index":"index","follow":"follow","max-snippet":"max-snippet:-1","max-image-preview":"max-image-preview:large","max-video-preview":"max-video-preview:-1"},"canonical":"https:\/\/dissalud.com\/es\/dia-internacional-de-las-personas-con-discapacidad-un-compromiso-por-la-inclusion-plena\/","og_locale":"es_ES","og_type":"article","og_title":"D\u00eda Internacional de las Personas con Discapacidad: un compromiso por la inclusi\u00f3n plena - Dissalud","og_url":"https:\/\/dissalud.com\/es\/dia-internacional-de-las-personas-con-discapacidad-un-compromiso-por-la-inclusion-plena\/","og_site_name":"Dissalud","article_publisher":"https:\/\/www.facebook.com\/dissaludlleida\/","article_published_time":"2024-12-03T09:06:45+00:00","og_image":[{"width":1080,"height":1080,"url":"https:\/\/dissalud.com\/wp-content\/uploads\/2024\/12\/Ortopedias-Lleida-Dissalud.png","type":"image\/png"}],"author":"admin","twitter_card":"summary_large_image","twitter_misc":{"Escrito por":"admin","Tiempo de lectura":"3 minutos"},"schema":{"@context":"https:\/\/schema.org","@graph":[{"@type":"Article","@id":"https:\/\/dissalud.com\/es\/dia-internacional-de-las-personas-con-discapacidad-un-compromiso-por-la-inclusion-plena\/#article","isPartOf":{"@id":"https:\/\/dissalud.com\/es\/dia-internacional-de-las-personas-con-discapacidad-un-compromiso-por-la-inclusion-plena\/"},"author":{"name":"admin","@id":"https:\/\/dissalud.com\/#\/schema\/person\/6326a7c70574c4a1555171f79b4c8c30"},"headline":"D\u00eda Internacional de las Personas con Discapacidad: un compromiso por la inclusi\u00f3n plena","datePublished":"2024-12-03T09:06:45+00:00","mainEntityOfPage":{"@id":"https:\/\/dissalud.com\/es\/dia-internacional-de-las-personas-con-discapacidad-un-compromiso-por-la-inclusion-plena\/"},"wordCount":2179,"commentCount":0,"publisher":{"@id":"https:\/\/dissalud.com\/#organization"},"image":{"@id":"https:\/\/dissalud.com\/es\/dia-internacional-de-las-personas-con-discapacidad-un-compromiso-por-la-inclusion-plena\/#primaryimage"},"thumbnailUrl":"https:\/\/dissalud.com\/wp-content\/uploads\/2024\/12\/Ortopedias-Lleida-Dissalud.png","keywords":["Ayudas t\u00e9cnicas","Discapacidad","Discapacitat","Dissalud","Ortesis","Ortopedia","Ortopedia geri\u00e0trica","Ortopedia Lleida"],"articleSection":["Noticia"],"inLanguage":"es","potentialAction":[{"@type":"CommentAction","name":"Comment","target":["https:\/\/dissalud.com\/es\/dia-internacional-de-las-personas-con-discapacidad-un-compromiso-por-la-inclusion-plena\/#respond"]}]},{"@type":"WebPage","@id":"https:\/\/dissalud.com\/es\/dia-internacional-de-las-personas-con-discapacidad-un-compromiso-por-la-inclusion-plena\/","url":"https:\/\/dissalud.com\/es\/dia-internacional-de-las-personas-con-discapacidad-un-compromiso-por-la-inclusion-plena\/","name":"D\u00eda Internacional de las Personas con Discapacidad: un compromiso por la inclusi\u00f3n plena - Dissalud","isPartOf":{"@id":"https:\/\/dissalud.com\/#website"},"primaryImageOfPage":{"@id":"https:\/\/dissalud.com\/es\/dia-internacional-de-las-personas-con-discapacidad-un-compromiso-por-la-inclusion-plena\/#primaryimage"},"image":{"@id":"https:\/\/dissalud.com\/es\/dia-internacional-de-las-personas-con-discapacidad-un-compromiso-por-la-inclusion-plena\/#primaryimage"},"thumbnailUrl":"https:\/\/dissalud.com\/wp-content\/uploads\/2024\/12\/Ortopedias-Lleida-Dissalud.png","datePublished":"2024-12-03T09:06:45+00:00","breadcrumb":{"@id":"https:\/\/dissalud.com\/es\/dia-internacional-de-las-personas-con-discapacidad-un-compromiso-por-la-inclusion-plena\/#breadcrumb"},"inLanguage":"es","potentialAction":[{"@type":"ReadAction","target":["https:\/\/dissalud.com\/es\/dia-internacional-de-las-personas-con-discapacidad-un-compromiso-por-la-inclusion-plena\/"]}]},{"@type":"ImageObject","inLanguage":"es","@id":"https:\/\/dissalud.com\/es\/dia-internacional-de-las-personas-con-discapacidad-un-compromiso-por-la-inclusion-plena\/#primaryimage","url":"https:\/\/dissalud.com\/wp-content\/uploads\/2024\/12\/Ortopedias-Lleida-Dissalud.png","contentUrl":"https:\/\/dissalud.com\/wp-content\/uploads\/2024\/12\/Ortopedias-Lleida-Dissalud.png","width":1080,"height":1080},{"@type":"BreadcrumbList","@id":"https:\/\/dissalud.com\/es\/dia-internacional-de-las-personas-con-discapacidad-un-compromiso-por-la-inclusion-plena\/#breadcrumb","itemListElement":[{"@type":"ListItem","position":1,"name":"Home","item":"https:\/\/dissalud.com\/es\/"},{"@type":"ListItem","position":2,"name":"D\u00eda Internacional de las Personas con Discapacidad: un compromiso por la inclusi\u00f3n plena"}]},{"@type":"WebSite","@id":"https:\/\/dissalud.com\/#website","url":"https:\/\/dissalud.com\/","name":"Dissalud","description":"Ortop\u00e8dia i productes de suport","publisher":{"@id":"https:\/\/dissalud.com\/#organization"},"potentialAction":[{"@type":"SearchAction","target":{"@type":"EntryPoint","urlTemplate":"https:\/\/dissalud.com\/?s={search_term_string}"},"query-input":{"@type":"PropertyValueSpecification","valueRequired":true,"valueName":"search_term_string"}}],"inLanguage":"es"},{"@type":"Organization","@id":"https:\/\/dissalud.com\/#organization","name":"Dissalud","url":"https:\/\/dissalud.com\/","logo":{"@type":"ImageObject","inLanguage":"es","@id":"https:\/\/dissalud.com\/#\/schema\/logo\/image\/","url":"https:\/\/dissalud.com\/wp-content\/uploads\/2025\/02\/LOGO_DISSALUD.jpg","contentUrl":"https:\/\/dissalud.com\/wp-content\/uploads\/2025\/02\/LOGO_DISSALUD.jpg","width":225,"height":225,"caption":"Dissalud"},"image":{"@id":"https:\/\/dissalud.com\/#\/schema\/logo\/image\/"},"sameAs":["https:\/\/www.facebook.com\/dissaludlleida\/","https:\/\/www.instagram.com\/ortopedia_dissalud\/"]},{"@type":"Person","@id":"https:\/\/dissalud.com\/#\/schema\/person\/6326a7c70574c4a1555171f79b4c8c30","name":"admin","image":{"@type":"ImageObject","inLanguage":"es","@id":"https:\/\/secure.gravatar.com\/avatar\/3d8771e958295f415804336505f0c6faebfe16c066754f8f90e0b5a1023ffc77?s=96&d=mm&r=g","url":"https:\/\/secure.gravatar.com\/avatar\/3d8771e958295f415804336505f0c6faebfe16c066754f8f90e0b5a1023ffc77?s=96&d=mm&r=g","contentUrl":"https:\/\/secure.gravatar.com\/avatar\/3d8771e958295f415804336505f0c6faebfe16c066754f8f90e0b5a1023ffc77?s=96&d=mm&r=g","caption":"admin"},"sameAs":["https:\/\/dissalud.com"],"url":"https:\/\/dissalud.com\/es\/author\/jordi_j8bae8x1\/"}]}},"_links":{"self":[{"href":"https:\/\/dissalud.com\/es\/wp-json\/wp\/v2\/posts\/4954","targetHints":{"allow":["GET"]}}],"collection":[{"href":"https:\/\/dissalud.com\/es\/wp-json\/wp\/v2\/posts"}],"about":[{"href":"https:\/\/dissalud.com\/es\/wp-json\/wp\/v2\/types\/post"}],"author":[{"embeddable":true,"href":"https:\/\/dissalud.com\/es\/wp-json\/wp\/v2\/users\/1"}],"replies":[{"embeddable":true,"href":"https:\/\/dissalud.com\/es\/wp-json\/wp\/v2\/comments?post=4954"}],"version-history":[{"count":2,"href":"https:\/\/dissalud.com\/es\/wp-json\/wp\/v2\/posts\/4954\/revisions"}],"predecessor-version":[{"id":4960,"href":"https:\/\/dissalud.com\/es\/wp-json\/wp\/v2\/posts\/4954\/revisions\/4960"}],"wp:featuredmedia":[{"embeddable":true,"href":"https:\/\/dissalud.com\/es\/wp-json\/wp\/v2\/media\/4956"}],"wp:attachment":[{"href":"https:\/\/dissalud.com\/es\/wp-json\/wp\/v2\/media?parent=4954"}],"wp:term":[{"taxonomy":"category","embeddable":true,"href":"https:\/\/dissalud.com\/es\/wp-json\/wp\/v2\/categories?post=4954"},{"taxonomy":"post_tag","embeddable":true,"href":"https:\/\/dissalud.com\/es\/wp-json\/wp\/v2\/tags?post=4954"}],"curies":[{"name":"wp","href":"https:\/\/api.w.org\/{rel}","templated":true}]}}