{"id":5476,"date":"2025-07-28T10:40:34","date_gmt":"2025-07-28T08:40:34","guid":{"rendered":"https:\/\/dissalud.com\/?p=5476"},"modified":"2025-07-28T10:43:04","modified_gmt":"2025-07-28T08:43:04","slug":"informacion-de-interes-durante-el-mes-de-agosto-en-dissalud-ortopedia-lleida-no-abriremos-los-sabados","status":"publish","type":"post","link":"https:\/\/dissalud.com\/es\/informacion-de-interes-durante-el-mes-de-agosto-en-dissalud-ortopedia-lleida-no-abriremos-los-sabados\/","title":{"rendered":"Informaci\u00f3n de inter\u00e9s, durante el mes de agosto, en Dissalud Ortopedia Lleida no abriremos los s\u00e1bados"},"content":{"rendered":"<div class=\"fusion-fullwidth fullwidth-box fusion-builder-row-1 fusion-flex-container has-pattern-background has-mask-background nonhundred-percent-fullwidth non-hundred-percent-height-scrolling\" style=\"--awb-border-radius-top-left:0px;--awb-border-radius-top-right:0px;--awb-border-radius-bottom-right:0px;--awb-border-radius-bottom-left:0px;--awb-padding-top:70px;--awb-padding-right:150px;--awb-padding-bottom:50px;--awb-padding-left:150px;--awb-padding-top-small:30px;--awb-padding-right-small:5%;--awb-padding-bottom-small:0px;--awb-padding-left-small:5%;--awb-flex-wrap:wrap;\" ><div class=\"fusion-builder-row fusion-row fusion-flex-align-items-flex-start fusion-flex-content-wrap\" style=\"max-width:1248px;margin-left: calc(-4% \/ 2 );margin-right: calc(-4% \/ 2 );\"><div class=\"fusion-layout-column fusion_builder_column fusion-builder-column-0 fusion_builder_column_1_1 1_1 fusion-flex-column\" style=\"--awb-bg-size:cover;--awb-width-large:100%;--awb-margin-top-large:0px;--awb-spacing-right-large:1.92%;--awb-margin-bottom-large:20px;--awb-spacing-left-large:1.92%;--awb-width-medium:100%;--awb-order-medium:0;--awb-spacing-right-medium:1.92%;--awb-spacing-left-medium:1.92%;--awb-width-small:100%;--awb-order-small:0;--awb-spacing-right-small:1.92%;--awb-spacing-left-small:1.92%;\"><div class=\"fusion-column-wrapper fusion-column-has-shadow fusion-flex-justify-content-flex-start fusion-content-layout-column\"><div class=\"fusion-text fusion-text-1\"><h3>Como cada verano, en Dissalud Ortopedia Lleida adaptamos nuestro horario durante el mes de agosto para ofrecerle un servicio eficiente y al mismo tiempo facilitar el descanso de nuestro equipo. Por eso, durante todo agosto no abriremos los s\u00e1bados.<\/h3>\n<h4>Horario de agosto:<\/h4>\n<ul>\n<li>De lunes a viernes, de 9:00 a 20:00 h<\/li>\n<li>S\u00e1bados: cerrado<\/li>\n<\/ul>\n<p>A pesar de este ajuste, mantenemos intacto nuestro compromiso con vosotros: continuar siendo vuestro centro de referencia en ortopedia y productos de apoyo. Disponemos de un equipo especializado, taller propio para la confecci\u00f3n de pr\u00f3tesis, ortesis y plantillas a medida y una exposici\u00f3n de m\u00e1s de 300 m\u00b2 con las \u00faltimas novedades del sector.<\/p>\n<p>Desde nuestro local en el Paseo de Ronda 144 de Lleida, continuamos ofreciendo un servicio personalizado, profesional y 100% personalizado para garantizar su bienestar.<\/p>\n<p>Para cualquier pregunta o necesidad, no dude en contactar con nosotros. 973 04 45 27<\/p>\n<h3><a href=\"https:\/\/dissalud.com\/es\/empresa\/\">Dissalud, vuestro centro de referencia en Lleida en productos ortop\u00e9dicos y de soporte<\/a><\/h3>\n<\/div><\/div><\/div><div class=\"fusion-layout-column fusion_builder_column fusion-builder-column-1 fusion_builder_column_1_1 1_1 fusion-flex-column\" style=\"--awb-padding-top:50px;--awb-bg-size:cover;--awb-width-large:100%;--awb-margin-top-large:0px;--awb-spacing-right-large:1.92%;--awb-margin-bottom-large:20px;--awb-spacing-left-large:1.92%;--awb-width-medium:100%;--awb-order-medium:0;--awb-spacing-right-medium:1.92%;--awb-spacing-left-medium:1.92%;--awb-width-small:100%;--awb-order-small:0;--awb-spacing-right-small:1.92%;--awb-spacing-left-small:1.92%;\" data-motion-effects=\"[{&quot;type&quot;:&quot;&quot;,&quot;scroll_type&quot;:&quot;transition&quot;,&quot;scroll_direction&quot;:&quot;up&quot;,&quot;transition_speed&quot;:&quot;1&quot;,&quot;fade_type&quot;:&quot;in&quot;,&quot;scale_type&quot;:&quot;up&quot;,&quot;initial_scale&quot;:&quot;1&quot;,&quot;max_scale&quot;:&quot;1.5&quot;,&quot;min_scale&quot;:&quot;0.5&quot;,&quot;initial_rotate&quot;:&quot;0&quot;,&quot;end_rotate&quot;:&quot;30&quot;,&quot;initial_blur&quot;:&quot;0&quot;,&quot;end_blur&quot;:&quot;3&quot;,&quot;start_element&quot;:&quot;top&quot;,&quot;start_viewport&quot;:&quot;bottom&quot;,&quot;end_element&quot;:&quot;bottom&quot;,&quot;end_viewport&quot;:&quot;top&quot;,&quot;mouse_effect&quot;:&quot;track&quot;,&quot;mouse_effect_direction&quot;:&quot;opposite&quot;,&quot;mouse_effect_speed&quot;:&quot;2&quot;,&quot;infinite_animation&quot;:&quot;float&quot;,&quot;infinite_animation_speed&quot;:&quot;2&quot;}]\" data-scroll-devices=\"small-visibility,medium-visibility,large-visibility\"><div class=\"fusion-column-wrapper fusion-column-has-shadow fusion-flex-justify-content-flex-start fusion-content-layout-column\"><div class=\"awb-gallery-wrapper awb-gallery-wrapper-1 button-span-no\" style=\"--more-btn-alignment:center;\"><div style=\"margin:-5px;--awb-aspect-ratio:1 \/ 1;--awb-bordersize:0px;\" class=\"fusion-gallery fusion-gallery-container fusion-grid-3 fusion-columns-total-0 fusion-gallery-layout-grid fusion-gallery-1 has-aspect-ratio\"><\/div><\/div><\/div><\/div><\/div><\/div>\n","protected":false},"excerpt":{"rendered":"","protected":false},"author":1,"featured_media":5477,"comment_status":"open","ping_status":"open","sticky":false,"template":"","format":"standard","meta":{"footnotes":""},"categories":[16],"tags":[849,827,854,836,481,828,831,519,479,480,853,829,837,582,510,826],"class_list":["post-5476","post","type-post","status-publish","format-standard","has-post-thumbnail","hentry","category-noticia","tag-andador","tag-batec-es","tag-bipedestador-es","tag-caminador","tag-dissalud","tag-handbike-es","tag-lleida-es","tag-ortesis-es","tag-ortopedia","tag-ortopedia-lleida","tag-plano-inclinado","tag-protesis-es","tag-rollator","tag-scooter-es","tag-sillas-de-ruedas","tag-sistema-de-propulsion"],"yoast_head":"<!-- This site is optimized with the Yoast SEO plugin v27.5 - https:\/\/yoast.com\/product\/yoast-seo-wordpress\/ -->\n<title>Informaci\u00f3n de inter\u00e9s, durante el mes de agosto, en Dissalud Ortopedia Lleida no abriremos los s\u00e1bados - Dissalud<\/title>\n<meta name=\"description\" content=\"Ortopedia Dissalud, vuestro centro de referencia en productos ortop\u00e9dicos y de soporte, no abrir\u00e1 los s\u00e1bados durante el mes de agosto\" \/>\n<meta name=\"robots\" content=\"index, follow, max-snippet:-1, max-image-preview:large, max-video-preview:-1\" \/>\n<link rel=\"canonical\" href=\"https:\/\/dissalud.com\/es\/informacion-de-interes-durante-el-mes-de-agosto-en-dissalud-ortopedia-lleida-no-abriremos-los-sabados\/\" \/>\n<meta property=\"og:locale\" content=\"es_ES\" \/>\n<meta property=\"og:type\" content=\"article\" \/>\n<meta property=\"og:title\" content=\"Informaci\u00f3n de inter\u00e9s, durante el mes de agosto, en Dissalud Ortopedia Lleida no abriremos los s\u00e1bados - Dissalud\" \/>\n<meta property=\"og:description\" content=\"Ortopedia Dissalud, vuestro centro de referencia en productos ortop\u00e9dicos y de soporte, no abrir\u00e1 los s\u00e1bados durante el mes de agosto\" \/>\n<meta property=\"og:url\" content=\"https:\/\/dissalud.com\/es\/informacion-de-interes-durante-el-mes-de-agosto-en-dissalud-ortopedia-lleida-no-abriremos-los-sabados\/\" \/>\n<meta property=\"og:site_name\" content=\"Dissalud\" \/>\n<meta property=\"article:publisher\" content=\"https:\/\/www.facebook.com\/dissaludlleida\/\" \/>\n<meta property=\"article:published_time\" content=\"2025-07-28T08:40:34+00:00\" \/>\n<meta property=\"article:modified_time\" content=\"2025-07-28T08:43:04+00:00\" \/>\n<meta property=\"og:image\" content=\"https:\/\/dissalud.com\/wp-content\/uploads\/2025\/07\/Ortopedias-en-Lleida-Dissalud-ortopedia-y-productos-de-soporte-ortesis-protesis-taller-propio.png\" \/>\n\t<meta property=\"og:image:width\" content=\"1080\" \/>\n\t<meta property=\"og:image:height\" content=\"1080\" \/>\n\t<meta property=\"og:image:type\" content=\"image\/png\" \/>\n<meta name=\"author\" content=\"admin\" \/>\n<meta name=\"twitter:card\" content=\"summary_large_image\" \/>\n<meta name=\"twitter:label1\" content=\"Escrito por\" \/>\n\t<meta name=\"twitter:data1\" content=\"admin\" \/>\n\t<meta name=\"twitter:label2\" content=\"Tiempo de lectura\" \/>\n\t<meta name=\"twitter:data2\" content=\"2 minutos\" \/>\n<script type=\"application\/ld+json\" class=\"yoast-schema-graph\">{\"@context\":\"https:\\\/\\\/schema.org\",\"@graph\":[{\"@type\":\"Article\",\"@id\":\"https:\\\/\\\/dissalud.com\\\/es\\\/informacion-de-interes-durante-el-mes-de-agosto-en-dissalud-ortopedia-lleida-no-abriremos-los-sabados\\\/#article\",\"isPartOf\":{\"@id\":\"https:\\\/\\\/dissalud.com\\\/es\\\/informacion-de-interes-durante-el-mes-de-agosto-en-dissalud-ortopedia-lleida-no-abriremos-los-sabados\\\/\"},\"author\":{\"name\":\"admin\",\"@id\":\"https:\\\/\\\/dissalud.com\\\/#\\\/schema\\\/person\\\/6326a7c70574c4a1555171f79b4c8c30\"},\"headline\":\"Informaci\u00f3n de inter\u00e9s, durante el mes de agosto, en Dissalud Ortopedia Lleida no abriremos los s\u00e1bados\",\"datePublished\":\"2025-07-28T08:40:34+00:00\",\"dateModified\":\"2025-07-28T08:43:04+00:00\",\"mainEntityOfPage\":{\"@id\":\"https:\\\/\\\/dissalud.com\\\/es\\\/informacion-de-interes-durante-el-mes-de-agosto-en-dissalud-ortopedia-lleida-no-abriremos-los-sabados\\\/\"},\"wordCount\":1887,\"commentCount\":0,\"publisher\":{\"@id\":\"https:\\\/\\\/dissalud.com\\\/#organization\"},\"image\":{\"@id\":\"https:\\\/\\\/dissalud.com\\\/es\\\/informacion-de-interes-durante-el-mes-de-agosto-en-dissalud-ortopedia-lleida-no-abriremos-los-sabados\\\/#primaryimage\"},\"thumbnailUrl\":\"https:\\\/\\\/dissalud.com\\\/wp-content\\\/uploads\\\/2025\\\/07\\\/Ortopedias-en-Lleida-Dissalud-ortopedia-y-productos-de-soporte-ortesis-protesis-taller-propio.png\",\"keywords\":[\"Andador\",\"Batec\",\"bipedestador\",\"caminador\",\"Dissalud\",\"Handbike\",\"Lleida\",\"Ortesis\",\"Ortopedia\",\"Ortopedia Lleida\",\"Plano inclinado\",\"Protesis\",\"rollator\",\"Scooter\",\"Sillas de ruedas\",\"Sistema de propulsi\u00f3n\"],\"articleSection\":[\"Noticia\"],\"inLanguage\":\"es\",\"potentialAction\":[{\"@type\":\"CommentAction\",\"name\":\"Comment\",\"target\":[\"https:\\\/\\\/dissalud.com\\\/es\\\/informacion-de-interes-durante-el-mes-de-agosto-en-dissalud-ortopedia-lleida-no-abriremos-los-sabados\\\/#respond\"]}]},{\"@type\":\"WebPage\",\"@id\":\"https:\\\/\\\/dissalud.com\\\/es\\\/informacion-de-interes-durante-el-mes-de-agosto-en-dissalud-ortopedia-lleida-no-abriremos-los-sabados\\\/\",\"url\":\"https:\\\/\\\/dissalud.com\\\/es\\\/informacion-de-interes-durante-el-mes-de-agosto-en-dissalud-ortopedia-lleida-no-abriremos-los-sabados\\\/\",\"name\":\"Informaci\u00f3n de inter\u00e9s, durante el mes de agosto, en Dissalud Ortopedia Lleida no abriremos los s\u00e1bados - Dissalud\",\"isPartOf\":{\"@id\":\"https:\\\/\\\/dissalud.com\\\/#website\"},\"primaryImageOfPage\":{\"@id\":\"https:\\\/\\\/dissalud.com\\\/es\\\/informacion-de-interes-durante-el-mes-de-agosto-en-dissalud-ortopedia-lleida-no-abriremos-los-sabados\\\/#primaryimage\"},\"image\":{\"@id\":\"https:\\\/\\\/dissalud.com\\\/es\\\/informacion-de-interes-durante-el-mes-de-agosto-en-dissalud-ortopedia-lleida-no-abriremos-los-sabados\\\/#primaryimage\"},\"thumbnailUrl\":\"https:\\\/\\\/dissalud.com\\\/wp-content\\\/uploads\\\/2025\\\/07\\\/Ortopedias-en-Lleida-Dissalud-ortopedia-y-productos-de-soporte-ortesis-protesis-taller-propio.png\",\"datePublished\":\"2025-07-28T08:40:34+00:00\",\"dateModified\":\"2025-07-28T08:43:04+00:00\",\"description\":\"Ortopedia Dissalud, vuestro centro de referencia en productos ortop\u00e9dicos y de soporte, no abrir\u00e1 los s\u00e1bados durante el mes de agosto\",\"breadcrumb\":{\"@id\":\"https:\\\/\\\/dissalud.com\\\/es\\\/informacion-de-interes-durante-el-mes-de-agosto-en-dissalud-ortopedia-lleida-no-abriremos-los-sabados\\\/#breadcrumb\"},\"inLanguage\":\"es\",\"potentialAction\":[{\"@type\":\"ReadAction\",\"target\":[\"https:\\\/\\\/dissalud.com\\\/es\\\/informacion-de-interes-durante-el-mes-de-agosto-en-dissalud-ortopedia-lleida-no-abriremos-los-sabados\\\/\"]}]},{\"@type\":\"ImageObject\",\"inLanguage\":\"es\",\"@id\":\"https:\\\/\\\/dissalud.com\\\/es\\\/informacion-de-interes-durante-el-mes-de-agosto-en-dissalud-ortopedia-lleida-no-abriremos-los-sabados\\\/#primaryimage\",\"url\":\"https:\\\/\\\/dissalud.com\\\/wp-content\\\/uploads\\\/2025\\\/07\\\/Ortopedias-en-Lleida-Dissalud-ortopedia-y-productos-de-soporte-ortesis-protesis-taller-propio.png\",\"contentUrl\":\"https:\\\/\\\/dissalud.com\\\/wp-content\\\/uploads\\\/2025\\\/07\\\/Ortopedias-en-Lleida-Dissalud-ortopedia-y-productos-de-soporte-ortesis-protesis-taller-propio.png\",\"width\":1080,\"height\":1080},{\"@type\":\"BreadcrumbList\",\"@id\":\"https:\\\/\\\/dissalud.com\\\/es\\\/informacion-de-interes-durante-el-mes-de-agosto-en-dissalud-ortopedia-lleida-no-abriremos-los-sabados\\\/#breadcrumb\",\"itemListElement\":[{\"@type\":\"ListItem\",\"position\":1,\"name\":\"Home\",\"item\":\"https:\\\/\\\/dissalud.com\\\/es\\\/\"},{\"@type\":\"ListItem\",\"position\":2,\"name\":\"Informaci\u00f3n de inter\u00e9s, durante el mes de agosto, en Dissalud Ortopedia Lleida no abriremos los s\u00e1bados\"}]},{\"@type\":\"WebSite\",\"@id\":\"https:\\\/\\\/dissalud.com\\\/#website\",\"url\":\"https:\\\/\\\/dissalud.com\\\/\",\"name\":\"Dissalud\",\"description\":\"Ortop\u00e8dia i productes de suport\",\"publisher\":{\"@id\":\"https:\\\/\\\/dissalud.com\\\/#organization\"},\"potentialAction\":[{\"@type\":\"SearchAction\",\"target\":{\"@type\":\"EntryPoint\",\"urlTemplate\":\"https:\\\/\\\/dissalud.com\\\/?s={search_term_string}\"},\"query-input\":{\"@type\":\"PropertyValueSpecification\",\"valueRequired\":true,\"valueName\":\"search_term_string\"}}],\"inLanguage\":\"es\"},{\"@type\":\"Organization\",\"@id\":\"https:\\\/\\\/dissalud.com\\\/#organization\",\"name\":\"Dissalud\",\"url\":\"https:\\\/\\\/dissalud.com\\\/\",\"logo\":{\"@type\":\"ImageObject\",\"inLanguage\":\"es\",\"@id\":\"https:\\\/\\\/dissalud.com\\\/#\\\/schema\\\/logo\\\/image\\\/\",\"url\":\"https:\\\/\\\/dissalud.com\\\/wp-content\\\/uploads\\\/2025\\\/02\\\/LOGO_DISSALUD.jpg\",\"contentUrl\":\"https:\\\/\\\/dissalud.com\\\/wp-content\\\/uploads\\\/2025\\\/02\\\/LOGO_DISSALUD.jpg\",\"width\":225,\"height\":225,\"caption\":\"Dissalud\"},\"image\":{\"@id\":\"https:\\\/\\\/dissalud.com\\\/#\\\/schema\\\/logo\\\/image\\\/\"},\"sameAs\":[\"https:\\\/\\\/www.facebook.com\\\/dissaludlleida\\\/\",\"https:\\\/\\\/www.instagram.com\\\/ortopedia_dissalud\\\/\"]},{\"@type\":\"Person\",\"@id\":\"https:\\\/\\\/dissalud.com\\\/#\\\/schema\\\/person\\\/6326a7c70574c4a1555171f79b4c8c30\",\"name\":\"admin\",\"image\":{\"@type\":\"ImageObject\",\"inLanguage\":\"es\",\"@id\":\"https:\\\/\\\/secure.gravatar.com\\\/avatar\\\/3d8771e958295f415804336505f0c6faebfe16c066754f8f90e0b5a1023ffc77?s=96&d=mm&r=g\",\"url\":\"https:\\\/\\\/secure.gravatar.com\\\/avatar\\\/3d8771e958295f415804336505f0c6faebfe16c066754f8f90e0b5a1023ffc77?s=96&d=mm&r=g\",\"contentUrl\":\"https:\\\/\\\/secure.gravatar.com\\\/avatar\\\/3d8771e958295f415804336505f0c6faebfe16c066754f8f90e0b5a1023ffc77?s=96&d=mm&r=g\",\"caption\":\"admin\"},\"sameAs\":[\"https:\\\/\\\/dissalud.com\"],\"url\":\"https:\\\/\\\/dissalud.com\\\/es\\\/author\\\/jordi_j8bae8x1\\\/\"}]}<\/script>\n<!-- \/ Yoast SEO plugin. -->","yoast_head_json":{"title":"Informaci\u00f3n de inter\u00e9s, durante el mes de agosto, en Dissalud Ortopedia Lleida no abriremos los s\u00e1bados - Dissalud","description":"Ortopedia Dissalud, vuestro centro de referencia en productos ortop\u00e9dicos y de soporte, no abrir\u00e1 los s\u00e1bados durante el mes de agosto","robots":{"index":"index","follow":"follow","max-snippet":"max-snippet:-1","max-image-preview":"max-image-preview:large","max-video-preview":"max-video-preview:-1"},"canonical":"https:\/\/dissalud.com\/es\/informacion-de-interes-durante-el-mes-de-agosto-en-dissalud-ortopedia-lleida-no-abriremos-los-sabados\/","og_locale":"es_ES","og_type":"article","og_title":"Informaci\u00f3n de inter\u00e9s, durante el mes de agosto, en Dissalud Ortopedia Lleida no abriremos los s\u00e1bados - Dissalud","og_description":"Ortopedia Dissalud, vuestro centro de referencia en productos ortop\u00e9dicos y de soporte, no abrir\u00e1 los s\u00e1bados durante el mes de agosto","og_url":"https:\/\/dissalud.com\/es\/informacion-de-interes-durante-el-mes-de-agosto-en-dissalud-ortopedia-lleida-no-abriremos-los-sabados\/","og_site_name":"Dissalud","article_publisher":"https:\/\/www.facebook.com\/dissaludlleida\/","article_published_time":"2025-07-28T08:40:34+00:00","article_modified_time":"2025-07-28T08:43:04+00:00","og_image":[{"width":1080,"height":1080,"url":"https:\/\/dissalud.com\/wp-content\/uploads\/2025\/07\/Ortopedias-en-Lleida-Dissalud-ortopedia-y-productos-de-soporte-ortesis-protesis-taller-propio.png","type":"image\/png"}],"author":"admin","twitter_card":"summary_large_image","twitter_misc":{"Escrito por":"admin","Tiempo de lectura":"2 minutos"},"schema":{"@context":"https:\/\/schema.org","@graph":[{"@type":"Article","@id":"https:\/\/dissalud.com\/es\/informacion-de-interes-durante-el-mes-de-agosto-en-dissalud-ortopedia-lleida-no-abriremos-los-sabados\/#article","isPartOf":{"@id":"https:\/\/dissalud.com\/es\/informacion-de-interes-durante-el-mes-de-agosto-en-dissalud-ortopedia-lleida-no-abriremos-los-sabados\/"},"author":{"name":"admin","@id":"https:\/\/dissalud.com\/#\/schema\/person\/6326a7c70574c4a1555171f79b4c8c30"},"headline":"Informaci\u00f3n de inter\u00e9s, durante el mes de agosto, en Dissalud Ortopedia Lleida no abriremos los s\u00e1bados","datePublished":"2025-07-28T08:40:34+00:00","dateModified":"2025-07-28T08:43:04+00:00","mainEntityOfPage":{"@id":"https:\/\/dissalud.com\/es\/informacion-de-interes-durante-el-mes-de-agosto-en-dissalud-ortopedia-lleida-no-abriremos-los-sabados\/"},"wordCount":1887,"commentCount":0,"publisher":{"@id":"https:\/\/dissalud.com\/#organization"},"image":{"@id":"https:\/\/dissalud.com\/es\/informacion-de-interes-durante-el-mes-de-agosto-en-dissalud-ortopedia-lleida-no-abriremos-los-sabados\/#primaryimage"},"thumbnailUrl":"https:\/\/dissalud.com\/wp-content\/uploads\/2025\/07\/Ortopedias-en-Lleida-Dissalud-ortopedia-y-productos-de-soporte-ortesis-protesis-taller-propio.png","keywords":["Andador","Batec","bipedestador","caminador","Dissalud","Handbike","Lleida","Ortesis","Ortopedia","Ortopedia Lleida","Plano inclinado","Protesis","rollator","Scooter","Sillas de ruedas","Sistema de propulsi\u00f3n"],"articleSection":["Noticia"],"inLanguage":"es","potentialAction":[{"@type":"CommentAction","name":"Comment","target":["https:\/\/dissalud.com\/es\/informacion-de-interes-durante-el-mes-de-agosto-en-dissalud-ortopedia-lleida-no-abriremos-los-sabados\/#respond"]}]},{"@type":"WebPage","@id":"https:\/\/dissalud.com\/es\/informacion-de-interes-durante-el-mes-de-agosto-en-dissalud-ortopedia-lleida-no-abriremos-los-sabados\/","url":"https:\/\/dissalud.com\/es\/informacion-de-interes-durante-el-mes-de-agosto-en-dissalud-ortopedia-lleida-no-abriremos-los-sabados\/","name":"Informaci\u00f3n de inter\u00e9s, durante el mes de agosto, en Dissalud Ortopedia Lleida no abriremos los s\u00e1bados - Dissalud","isPartOf":{"@id":"https:\/\/dissalud.com\/#website"},"primaryImageOfPage":{"@id":"https:\/\/dissalud.com\/es\/informacion-de-interes-durante-el-mes-de-agosto-en-dissalud-ortopedia-lleida-no-abriremos-los-sabados\/#primaryimage"},"image":{"@id":"https:\/\/dissalud.com\/es\/informacion-de-interes-durante-el-mes-de-agosto-en-dissalud-ortopedia-lleida-no-abriremos-los-sabados\/#primaryimage"},"thumbnailUrl":"https:\/\/dissalud.com\/wp-content\/uploads\/2025\/07\/Ortopedias-en-Lleida-Dissalud-ortopedia-y-productos-de-soporte-ortesis-protesis-taller-propio.png","datePublished":"2025-07-28T08:40:34+00:00","dateModified":"2025-07-28T08:43:04+00:00","description":"Ortopedia Dissalud, vuestro centro de referencia en productos ortop\u00e9dicos y de soporte, no abrir\u00e1 los s\u00e1bados durante el mes de agosto","breadcrumb":{"@id":"https:\/\/dissalud.com\/es\/informacion-de-interes-durante-el-mes-de-agosto-en-dissalud-ortopedia-lleida-no-abriremos-los-sabados\/#breadcrumb"},"inLanguage":"es","potentialAction":[{"@type":"ReadAction","target":["https:\/\/dissalud.com\/es\/informacion-de-interes-durante-el-mes-de-agosto-en-dissalud-ortopedia-lleida-no-abriremos-los-sabados\/"]}]},{"@type":"ImageObject","inLanguage":"es","@id":"https:\/\/dissalud.com\/es\/informacion-de-interes-durante-el-mes-de-agosto-en-dissalud-ortopedia-lleida-no-abriremos-los-sabados\/#primaryimage","url":"https:\/\/dissalud.com\/wp-content\/uploads\/2025\/07\/Ortopedias-en-Lleida-Dissalud-ortopedia-y-productos-de-soporte-ortesis-protesis-taller-propio.png","contentUrl":"https:\/\/dissalud.com\/wp-content\/uploads\/2025\/07\/Ortopedias-en-Lleida-Dissalud-ortopedia-y-productos-de-soporte-ortesis-protesis-taller-propio.png","width":1080,"height":1080},{"@type":"BreadcrumbList","@id":"https:\/\/dissalud.com\/es\/informacion-de-interes-durante-el-mes-de-agosto-en-dissalud-ortopedia-lleida-no-abriremos-los-sabados\/#breadcrumb","itemListElement":[{"@type":"ListItem","position":1,"name":"Home","item":"https:\/\/dissalud.com\/es\/"},{"@type":"ListItem","position":2,"name":"Informaci\u00f3n de inter\u00e9s, durante el mes de agosto, en Dissalud Ortopedia Lleida no abriremos los s\u00e1bados"}]},{"@type":"WebSite","@id":"https:\/\/dissalud.com\/#website","url":"https:\/\/dissalud.com\/","name":"Dissalud","description":"Ortop\u00e8dia i productes de suport","publisher":{"@id":"https:\/\/dissalud.com\/#organization"},"potentialAction":[{"@type":"SearchAction","target":{"@type":"EntryPoint","urlTemplate":"https:\/\/dissalud.com\/?s={search_term_string}"},"query-input":{"@type":"PropertyValueSpecification","valueRequired":true,"valueName":"search_term_string"}}],"inLanguage":"es"},{"@type":"Organization","@id":"https:\/\/dissalud.com\/#organization","name":"Dissalud","url":"https:\/\/dissalud.com\/","logo":{"@type":"ImageObject","inLanguage":"es","@id":"https:\/\/dissalud.com\/#\/schema\/logo\/image\/","url":"https:\/\/dissalud.com\/wp-content\/uploads\/2025\/02\/LOGO_DISSALUD.jpg","contentUrl":"https:\/\/dissalud.com\/wp-content\/uploads\/2025\/02\/LOGO_DISSALUD.jpg","width":225,"height":225,"caption":"Dissalud"},"image":{"@id":"https:\/\/dissalud.com\/#\/schema\/logo\/image\/"},"sameAs":["https:\/\/www.facebook.com\/dissaludlleida\/","https:\/\/www.instagram.com\/ortopedia_dissalud\/"]},{"@type":"Person","@id":"https:\/\/dissalud.com\/#\/schema\/person\/6326a7c70574c4a1555171f79b4c8c30","name":"admin","image":{"@type":"ImageObject","inLanguage":"es","@id":"https:\/\/secure.gravatar.com\/avatar\/3d8771e958295f415804336505f0c6faebfe16c066754f8f90e0b5a1023ffc77?s=96&d=mm&r=g","url":"https:\/\/secure.gravatar.com\/avatar\/3d8771e958295f415804336505f0c6faebfe16c066754f8f90e0b5a1023ffc77?s=96&d=mm&r=g","contentUrl":"https:\/\/secure.gravatar.com\/avatar\/3d8771e958295f415804336505f0c6faebfe16c066754f8f90e0b5a1023ffc77?s=96&d=mm&r=g","caption":"admin"},"sameAs":["https:\/\/dissalud.com"],"url":"https:\/\/dissalud.com\/es\/author\/jordi_j8bae8x1\/"}]}},"_links":{"self":[{"href":"https:\/\/dissalud.com\/es\/wp-json\/wp\/v2\/posts\/5476","targetHints":{"allow":["GET"]}}],"collection":[{"href":"https:\/\/dissalud.com\/es\/wp-json\/wp\/v2\/posts"}],"about":[{"href":"https:\/\/dissalud.com\/es\/wp-json\/wp\/v2\/types\/post"}],"author":[{"embeddable":true,"href":"https:\/\/dissalud.com\/es\/wp-json\/wp\/v2\/users\/1"}],"replies":[{"embeddable":true,"href":"https:\/\/dissalud.com\/es\/wp-json\/wp\/v2\/comments?post=5476"}],"version-history":[{"count":2,"href":"https:\/\/dissalud.com\/es\/wp-json\/wp\/v2\/posts\/5476\/revisions"}],"predecessor-version":[{"id":5480,"href":"https:\/\/dissalud.com\/es\/wp-json\/wp\/v2\/posts\/5476\/revisions\/5480"}],"wp:featuredmedia":[{"embeddable":true,"href":"https:\/\/dissalud.com\/es\/wp-json\/wp\/v2\/media\/5477"}],"wp:attachment":[{"href":"https:\/\/dissalud.com\/es\/wp-json\/wp\/v2\/media?parent=5476"}],"wp:term":[{"taxonomy":"category","embeddable":true,"href":"https:\/\/dissalud.com\/es\/wp-json\/wp\/v2\/categories?post=5476"},{"taxonomy":"post_tag","embeddable":true,"href":"https:\/\/dissalud.com\/es\/wp-json\/wp\/v2\/tags?post=5476"}],"curies":[{"name":"wp","href":"https:\/\/api.w.org\/{rel}","templated":true}]}}