{"id":5713,"date":"2025-12-03T10:12:54","date_gmt":"2025-12-03T09:12:54","guid":{"rendered":"https:\/\/dissalud.com\/?p=5713"},"modified":"2025-12-03T10:15:31","modified_gmt":"2025-12-03T09:15:31","slug":"3-de-diciembre-dia-internacional-de-las-personas-con-discapacidad-reivindicando-derechos-dignidad-y-equidad-para-todos","status":"publish","type":"post","link":"https:\/\/dissalud.com\/es\/3-de-diciembre-dia-internacional-de-las-personas-con-discapacidad-reivindicando-derechos-dignidad-y-equidad-para-todos\/","title":{"rendered":"3 de diciembre: D\u00eda Internacional de las Personas con Discapacidad Reivindicando derechos, dignidad y equidad para todos"},"content":{"rendered":"<h3>Este 3 de diciembre se celebra el D\u00eda Internacional de las Personas con Discapacidad, una jornada impulsada por Naciones Unidas desde 1992 para poner el foco en la realidad de un colectivo que representa cerca del 16% de la poblaci\u00f3n mundial, con m\u00e1s de 1.300 millones de personas, y que s\u00f3lo en Catalu\u00f1a supera el mill\u00f3n y medio.<\/h3>\n<p>Esta jornada, que este a\u00f1o se celebra con el lema <strong>\u00abFomentar sociedades inclusivas para el progreso social\u00bb<\/strong> no es s\u00f3lo una conmemoraci\u00f3n, sino un llamamiento a la acci\u00f3n: por una sociedad m\u00e1s justa, inclusiva y accesible para todos. A\u00fan hoy, las personas con discapacidad se enfrentan a m\u00faltiples barreras: menos oportunidades laborales, dificultades de acceso a la educaci\u00f3n y sanidad, discriminaci\u00f3n estructural y una escasa representaci\u00f3n en los espacios de toma de decisiones. Pese a los avances normativos y sociales, la plena inclusi\u00f3n sigue siendo un reto pendiente.<\/p>\n<p>En <strong>Dissalud Ortopedia Lleida<\/strong> queremos sumarnos a esta jornada de reflexi\u00f3n, reconocimiento y compromiso. Nuestro trabajo diario se basa precisamente en acompa\u00f1ar a personas con movilidad reducida o necesidades especiales, ofreciendo soluciones personalizadas en ortopedia y ayudas t\u00e9cnicas para mejorar su calidad de vida, autonom\u00eda y bienestar.<\/p>\n<p>Reivindicamos el 3 de diciembre como d\u00eda para seguir avanzando hacia una sociedad sin barreras, donde la discapacidad no sea motivo de exclusi\u00f3n, sino de empat\u00eda, oportunidad y justicia. En Disalud, su bienestar es nuestra raz\u00f3n de ser. Hoy, m\u00e1s que nunca, nos ponemos a su servicio.<\/p>\n<h3>3 de diciembre, D\u00eda internacional de las personas con discapacidad<\/h3>\n<p>&nbsp;<\/p>\n","protected":false},"excerpt":{"rendered":"<p>Este 3 de diciembre se celebra el D\u00eda Internacional de [&hellip;]<\/p>\n","protected":false},"author":1,"featured_media":5715,"comment_status":"open","ping_status":"open","sticky":false,"template":"","format":"standard","meta":{"footnotes":""},"categories":[16],"tags":[854,830,894,836,885,638,481,828,831,519,479,575,899,829,837,582,890,889],"class_list":["post-5713","post","type-post","status-publish","format-standard","has-post-thumbnail","hentry","category-noticia","tag-bipedestador-es","tag-cadires-de-rodes-es","tag-cadires-de-rodes-electrica","tag-caminador","tag-castanada","tag-discapacitat","tag-dissalud","tag-handbike-es","tag-lleida-es","tag-ortesis-es","tag-ortopedia","tag-ortopedia-deportiva","tag-persones-amb-discapacitat","tag-protesis-es","tag-rollator","tag-scooter-es","tag-sillas-elevadoras","tag-sistemas-salva-escaleras"],"yoast_head":"<!-- This site is optimized with the Yoast SEO plugin v27.5 - https:\/\/yoast.com\/product\/yoast-seo-wordpress\/ -->\n<title>3 de diciembre: D\u00eda Internacional de las Personas con Discapacidad Reivindicando derechos, dignidad y equidad para todos - Dissalud<\/title>\n<meta name=\"description\" content=\"Fomentar sociedades inclusivas para el progreso social, lema de este D\u00eda Internacional de las Personas con Discapacidad\" \/>\n<meta name=\"robots\" content=\"index, follow, max-snippet:-1, max-image-preview:large, max-video-preview:-1\" \/>\n<link rel=\"canonical\" href=\"https:\/\/dissalud.com\/es\/3-de-diciembre-dia-internacional-de-las-personas-con-discapacidad-reivindicando-derechos-dignidad-y-equidad-para-todos\/\" \/>\n<meta property=\"og:locale\" content=\"es_ES\" \/>\n<meta property=\"og:type\" content=\"article\" \/>\n<meta property=\"og:title\" content=\"3 de diciembre: D\u00eda Internacional de las Personas con Discapacidad Reivindicando derechos, dignidad y equidad para todos - Dissalud\" \/>\n<meta property=\"og:description\" content=\"Fomentar sociedades inclusivas para el progreso social, lema de este D\u00eda Internacional de las Personas con Discapacidad\" \/>\n<meta property=\"og:url\" content=\"https:\/\/dissalud.com\/es\/3-de-diciembre-dia-internacional-de-las-personas-con-discapacidad-reivindicando-derechos-dignidad-y-equidad-para-todos\/\" \/>\n<meta property=\"og:site_name\" content=\"Dissalud\" \/>\n<meta property=\"article:publisher\" content=\"https:\/\/www.facebook.com\/dissaludlleida\/\" \/>\n<meta property=\"article:published_time\" content=\"2025-12-03T09:12:54+00:00\" \/>\n<meta property=\"article:modified_time\" content=\"2025-12-03T09:15:31+00:00\" \/>\n<meta property=\"og:image\" content=\"https:\/\/dissalud.com\/wp-content\/uploads\/2025\/12\/Dia-Internacional-de-las-personas-con-discapacidad-Dissalud-Ortopedia-Lleida.png\" \/>\n\t<meta property=\"og:image:width\" content=\"1080\" \/>\n\t<meta property=\"og:image:height\" content=\"1080\" \/>\n\t<meta property=\"og:image:type\" content=\"image\/png\" \/>\n<meta name=\"author\" content=\"admin\" \/>\n<meta name=\"twitter:card\" content=\"summary_large_image\" \/>\n<meta name=\"twitter:label1\" content=\"Escrito por\" \/>\n\t<meta name=\"twitter:data1\" content=\"admin\" \/>\n\t<meta name=\"twitter:label2\" content=\"Tiempo de lectura\" \/>\n\t<meta name=\"twitter:data2\" content=\"2 minutos\" \/>\n<script type=\"application\/ld+json\" class=\"yoast-schema-graph\">{\"@context\":\"https:\\\/\\\/schema.org\",\"@graph\":[{\"@type\":\"Article\",\"@id\":\"https:\\\/\\\/dissalud.com\\\/es\\\/3-de-diciembre-dia-internacional-de-las-personas-con-discapacidad-reivindicando-derechos-dignidad-y-equidad-para-todos\\\/#article\",\"isPartOf\":{\"@id\":\"https:\\\/\\\/dissalud.com\\\/es\\\/3-de-diciembre-dia-internacional-de-las-personas-con-discapacidad-reivindicando-derechos-dignidad-y-equidad-para-todos\\\/\"},\"author\":{\"name\":\"admin\",\"@id\":\"https:\\\/\\\/dissalud.com\\\/#\\\/schema\\\/person\\\/6326a7c70574c4a1555171f79b4c8c30\"},\"headline\":\"3 de diciembre: D\u00eda Internacional de las Personas con Discapacidad Reivindicando derechos, dignidad y equidad para todos\",\"datePublished\":\"2025-12-03T09:12:54+00:00\",\"dateModified\":\"2025-12-03T09:15:31+00:00\",\"mainEntityOfPage\":{\"@id\":\"https:\\\/\\\/dissalud.com\\\/es\\\/3-de-diciembre-dia-internacional-de-las-personas-con-discapacidad-reivindicando-derechos-dignidad-y-equidad-para-todos\\\/\"},\"wordCount\":289,\"commentCount\":0,\"publisher\":{\"@id\":\"https:\\\/\\\/dissalud.com\\\/#organization\"},\"image\":{\"@id\":\"https:\\\/\\\/dissalud.com\\\/es\\\/3-de-diciembre-dia-internacional-de-las-personas-con-discapacidad-reivindicando-derechos-dignidad-y-equidad-para-todos\\\/#primaryimage\"},\"thumbnailUrl\":\"https:\\\/\\\/dissalud.com\\\/wp-content\\\/uploads\\\/2025\\\/12\\\/Dia-Internacional-de-las-personas-con-discapacidad-Dissalud-Ortopedia-Lleida.png\",\"keywords\":[\"bipedestador\",\"Cadires de rodes\",\"Cadires de rodes el\u00e8ctrica\",\"caminador\",\"Casta\u00f1ada\",\"Discapacitat\",\"Dissalud\",\"Handbike\",\"Lleida\",\"Ortesis\",\"Ortopedia\",\"Ortopedia deportiva\",\"Persones amb Discapacitat\",\"Protesis\",\"rollator\",\"Scooter\",\"Sillas elevadoras\",\"Sistemas salva escaleras\"],\"articleSection\":[\"Noticia\"],\"inLanguage\":\"es\",\"potentialAction\":[{\"@type\":\"CommentAction\",\"name\":\"Comment\",\"target\":[\"https:\\\/\\\/dissalud.com\\\/es\\\/3-de-diciembre-dia-internacional-de-las-personas-con-discapacidad-reivindicando-derechos-dignidad-y-equidad-para-todos\\\/#respond\"]}]},{\"@type\":\"WebPage\",\"@id\":\"https:\\\/\\\/dissalud.com\\\/es\\\/3-de-diciembre-dia-internacional-de-las-personas-con-discapacidad-reivindicando-derechos-dignidad-y-equidad-para-todos\\\/\",\"url\":\"https:\\\/\\\/dissalud.com\\\/es\\\/3-de-diciembre-dia-internacional-de-las-personas-con-discapacidad-reivindicando-derechos-dignidad-y-equidad-para-todos\\\/\",\"name\":\"3 de diciembre: D\u00eda Internacional de las Personas con Discapacidad Reivindicando derechos, dignidad y equidad para todos - Dissalud\",\"isPartOf\":{\"@id\":\"https:\\\/\\\/dissalud.com\\\/#website\"},\"primaryImageOfPage\":{\"@id\":\"https:\\\/\\\/dissalud.com\\\/es\\\/3-de-diciembre-dia-internacional-de-las-personas-con-discapacidad-reivindicando-derechos-dignidad-y-equidad-para-todos\\\/#primaryimage\"},\"image\":{\"@id\":\"https:\\\/\\\/dissalud.com\\\/es\\\/3-de-diciembre-dia-internacional-de-las-personas-con-discapacidad-reivindicando-derechos-dignidad-y-equidad-para-todos\\\/#primaryimage\"},\"thumbnailUrl\":\"https:\\\/\\\/dissalud.com\\\/wp-content\\\/uploads\\\/2025\\\/12\\\/Dia-Internacional-de-las-personas-con-discapacidad-Dissalud-Ortopedia-Lleida.png\",\"datePublished\":\"2025-12-03T09:12:54+00:00\",\"dateModified\":\"2025-12-03T09:15:31+00:00\",\"description\":\"Fomentar sociedades inclusivas para el progreso social, lema de este D\u00eda Internacional de las Personas con Discapacidad\",\"breadcrumb\":{\"@id\":\"https:\\\/\\\/dissalud.com\\\/es\\\/3-de-diciembre-dia-internacional-de-las-personas-con-discapacidad-reivindicando-derechos-dignidad-y-equidad-para-todos\\\/#breadcrumb\"},\"inLanguage\":\"es\",\"potentialAction\":[{\"@type\":\"ReadAction\",\"target\":[\"https:\\\/\\\/dissalud.com\\\/es\\\/3-de-diciembre-dia-internacional-de-las-personas-con-discapacidad-reivindicando-derechos-dignidad-y-equidad-para-todos\\\/\"]}]},{\"@type\":\"ImageObject\",\"inLanguage\":\"es\",\"@id\":\"https:\\\/\\\/dissalud.com\\\/es\\\/3-de-diciembre-dia-internacional-de-las-personas-con-discapacidad-reivindicando-derechos-dignidad-y-equidad-para-todos\\\/#primaryimage\",\"url\":\"https:\\\/\\\/dissalud.com\\\/wp-content\\\/uploads\\\/2025\\\/12\\\/Dia-Internacional-de-las-personas-con-discapacidad-Dissalud-Ortopedia-Lleida.png\",\"contentUrl\":\"https:\\\/\\\/dissalud.com\\\/wp-content\\\/uploads\\\/2025\\\/12\\\/Dia-Internacional-de-las-personas-con-discapacidad-Dissalud-Ortopedia-Lleida.png\",\"width\":1080,\"height\":1080},{\"@type\":\"BreadcrumbList\",\"@id\":\"https:\\\/\\\/dissalud.com\\\/es\\\/3-de-diciembre-dia-internacional-de-las-personas-con-discapacidad-reivindicando-derechos-dignidad-y-equidad-para-todos\\\/#breadcrumb\",\"itemListElement\":[{\"@type\":\"ListItem\",\"position\":1,\"name\":\"Home\",\"item\":\"https:\\\/\\\/dissalud.com\\\/es\\\/\"},{\"@type\":\"ListItem\",\"position\":2,\"name\":\"3 de diciembre: D\u00eda Internacional de las Personas con Discapacidad Reivindicando derechos, dignidad y equidad para todos\"}]},{\"@type\":\"WebSite\",\"@id\":\"https:\\\/\\\/dissalud.com\\\/#website\",\"url\":\"https:\\\/\\\/dissalud.com\\\/\",\"name\":\"Dissalud\",\"description\":\"Ortop\u00e8dia i productes de suport\",\"publisher\":{\"@id\":\"https:\\\/\\\/dissalud.com\\\/#organization\"},\"potentialAction\":[{\"@type\":\"SearchAction\",\"target\":{\"@type\":\"EntryPoint\",\"urlTemplate\":\"https:\\\/\\\/dissalud.com\\\/?s={search_term_string}\"},\"query-input\":{\"@type\":\"PropertyValueSpecification\",\"valueRequired\":true,\"valueName\":\"search_term_string\"}}],\"inLanguage\":\"es\"},{\"@type\":\"Organization\",\"@id\":\"https:\\\/\\\/dissalud.com\\\/#organization\",\"name\":\"Dissalud\",\"url\":\"https:\\\/\\\/dissalud.com\\\/\",\"logo\":{\"@type\":\"ImageObject\",\"inLanguage\":\"es\",\"@id\":\"https:\\\/\\\/dissalud.com\\\/#\\\/schema\\\/logo\\\/image\\\/\",\"url\":\"https:\\\/\\\/dissalud.com\\\/wp-content\\\/uploads\\\/2025\\\/02\\\/LOGO_DISSALUD.jpg\",\"contentUrl\":\"https:\\\/\\\/dissalud.com\\\/wp-content\\\/uploads\\\/2025\\\/02\\\/LOGO_DISSALUD.jpg\",\"width\":225,\"height\":225,\"caption\":\"Dissalud\"},\"image\":{\"@id\":\"https:\\\/\\\/dissalud.com\\\/#\\\/schema\\\/logo\\\/image\\\/\"},\"sameAs\":[\"https:\\\/\\\/www.facebook.com\\\/dissaludlleida\\\/\",\"https:\\\/\\\/www.instagram.com\\\/ortopedia_dissalud\\\/\"]},{\"@type\":\"Person\",\"@id\":\"https:\\\/\\\/dissalud.com\\\/#\\\/schema\\\/person\\\/6326a7c70574c4a1555171f79b4c8c30\",\"name\":\"admin\",\"image\":{\"@type\":\"ImageObject\",\"inLanguage\":\"es\",\"@id\":\"https:\\\/\\\/secure.gravatar.com\\\/avatar\\\/3d8771e958295f415804336505f0c6faebfe16c066754f8f90e0b5a1023ffc77?s=96&d=mm&r=g\",\"url\":\"https:\\\/\\\/secure.gravatar.com\\\/avatar\\\/3d8771e958295f415804336505f0c6faebfe16c066754f8f90e0b5a1023ffc77?s=96&d=mm&r=g\",\"contentUrl\":\"https:\\\/\\\/secure.gravatar.com\\\/avatar\\\/3d8771e958295f415804336505f0c6faebfe16c066754f8f90e0b5a1023ffc77?s=96&d=mm&r=g\",\"caption\":\"admin\"},\"sameAs\":[\"https:\\\/\\\/dissalud.com\"],\"url\":\"https:\\\/\\\/dissalud.com\\\/es\\\/author\\\/jordi_j8bae8x1\\\/\"}]}<\/script>\n<!-- \/ Yoast SEO plugin. -->","yoast_head_json":{"title":"3 de diciembre: D\u00eda Internacional de las Personas con Discapacidad Reivindicando derechos, dignidad y equidad para todos - Dissalud","description":"Fomentar sociedades inclusivas para el progreso social, lema de este D\u00eda Internacional de las Personas con Discapacidad","robots":{"index":"index","follow":"follow","max-snippet":"max-snippet:-1","max-image-preview":"max-image-preview:large","max-video-preview":"max-video-preview:-1"},"canonical":"https:\/\/dissalud.com\/es\/3-de-diciembre-dia-internacional-de-las-personas-con-discapacidad-reivindicando-derechos-dignidad-y-equidad-para-todos\/","og_locale":"es_ES","og_type":"article","og_title":"3 de diciembre: D\u00eda Internacional de las Personas con Discapacidad Reivindicando derechos, dignidad y equidad para todos - Dissalud","og_description":"Fomentar sociedades inclusivas para el progreso social, lema de este D\u00eda Internacional de las Personas con Discapacidad","og_url":"https:\/\/dissalud.com\/es\/3-de-diciembre-dia-internacional-de-las-personas-con-discapacidad-reivindicando-derechos-dignidad-y-equidad-para-todos\/","og_site_name":"Dissalud","article_publisher":"https:\/\/www.facebook.com\/dissaludlleida\/","article_published_time":"2025-12-03T09:12:54+00:00","article_modified_time":"2025-12-03T09:15:31+00:00","og_image":[{"width":1080,"height":1080,"url":"https:\/\/dissalud.com\/wp-content\/uploads\/2025\/12\/Dia-Internacional-de-las-personas-con-discapacidad-Dissalud-Ortopedia-Lleida.png","type":"image\/png"}],"author":"admin","twitter_card":"summary_large_image","twitter_misc":{"Escrito por":"admin","Tiempo de lectura":"2 minutos"},"schema":{"@context":"https:\/\/schema.org","@graph":[{"@type":"Article","@id":"https:\/\/dissalud.com\/es\/3-de-diciembre-dia-internacional-de-las-personas-con-discapacidad-reivindicando-derechos-dignidad-y-equidad-para-todos\/#article","isPartOf":{"@id":"https:\/\/dissalud.com\/es\/3-de-diciembre-dia-internacional-de-las-personas-con-discapacidad-reivindicando-derechos-dignidad-y-equidad-para-todos\/"},"author":{"name":"admin","@id":"https:\/\/dissalud.com\/#\/schema\/person\/6326a7c70574c4a1555171f79b4c8c30"},"headline":"3 de diciembre: D\u00eda Internacional de las Personas con Discapacidad Reivindicando derechos, dignidad y equidad para todos","datePublished":"2025-12-03T09:12:54+00:00","dateModified":"2025-12-03T09:15:31+00:00","mainEntityOfPage":{"@id":"https:\/\/dissalud.com\/es\/3-de-diciembre-dia-internacional-de-las-personas-con-discapacidad-reivindicando-derechos-dignidad-y-equidad-para-todos\/"},"wordCount":289,"commentCount":0,"publisher":{"@id":"https:\/\/dissalud.com\/#organization"},"image":{"@id":"https:\/\/dissalud.com\/es\/3-de-diciembre-dia-internacional-de-las-personas-con-discapacidad-reivindicando-derechos-dignidad-y-equidad-para-todos\/#primaryimage"},"thumbnailUrl":"https:\/\/dissalud.com\/wp-content\/uploads\/2025\/12\/Dia-Internacional-de-las-personas-con-discapacidad-Dissalud-Ortopedia-Lleida.png","keywords":["bipedestador","Cadires de rodes","Cadires de rodes el\u00e8ctrica","caminador","Casta\u00f1ada","Discapacitat","Dissalud","Handbike","Lleida","Ortesis","Ortopedia","Ortopedia deportiva","Persones amb Discapacitat","Protesis","rollator","Scooter","Sillas elevadoras","Sistemas salva escaleras"],"articleSection":["Noticia"],"inLanguage":"es","potentialAction":[{"@type":"CommentAction","name":"Comment","target":["https:\/\/dissalud.com\/es\/3-de-diciembre-dia-internacional-de-las-personas-con-discapacidad-reivindicando-derechos-dignidad-y-equidad-para-todos\/#respond"]}]},{"@type":"WebPage","@id":"https:\/\/dissalud.com\/es\/3-de-diciembre-dia-internacional-de-las-personas-con-discapacidad-reivindicando-derechos-dignidad-y-equidad-para-todos\/","url":"https:\/\/dissalud.com\/es\/3-de-diciembre-dia-internacional-de-las-personas-con-discapacidad-reivindicando-derechos-dignidad-y-equidad-para-todos\/","name":"3 de diciembre: D\u00eda Internacional de las Personas con Discapacidad Reivindicando derechos, dignidad y equidad para todos - Dissalud","isPartOf":{"@id":"https:\/\/dissalud.com\/#website"},"primaryImageOfPage":{"@id":"https:\/\/dissalud.com\/es\/3-de-diciembre-dia-internacional-de-las-personas-con-discapacidad-reivindicando-derechos-dignidad-y-equidad-para-todos\/#primaryimage"},"image":{"@id":"https:\/\/dissalud.com\/es\/3-de-diciembre-dia-internacional-de-las-personas-con-discapacidad-reivindicando-derechos-dignidad-y-equidad-para-todos\/#primaryimage"},"thumbnailUrl":"https:\/\/dissalud.com\/wp-content\/uploads\/2025\/12\/Dia-Internacional-de-las-personas-con-discapacidad-Dissalud-Ortopedia-Lleida.png","datePublished":"2025-12-03T09:12:54+00:00","dateModified":"2025-12-03T09:15:31+00:00","description":"Fomentar sociedades inclusivas para el progreso social, lema de este D\u00eda Internacional de las Personas con Discapacidad","breadcrumb":{"@id":"https:\/\/dissalud.com\/es\/3-de-diciembre-dia-internacional-de-las-personas-con-discapacidad-reivindicando-derechos-dignidad-y-equidad-para-todos\/#breadcrumb"},"inLanguage":"es","potentialAction":[{"@type":"ReadAction","target":["https:\/\/dissalud.com\/es\/3-de-diciembre-dia-internacional-de-las-personas-con-discapacidad-reivindicando-derechos-dignidad-y-equidad-para-todos\/"]}]},{"@type":"ImageObject","inLanguage":"es","@id":"https:\/\/dissalud.com\/es\/3-de-diciembre-dia-internacional-de-las-personas-con-discapacidad-reivindicando-derechos-dignidad-y-equidad-para-todos\/#primaryimage","url":"https:\/\/dissalud.com\/wp-content\/uploads\/2025\/12\/Dia-Internacional-de-las-personas-con-discapacidad-Dissalud-Ortopedia-Lleida.png","contentUrl":"https:\/\/dissalud.com\/wp-content\/uploads\/2025\/12\/Dia-Internacional-de-las-personas-con-discapacidad-Dissalud-Ortopedia-Lleida.png","width":1080,"height":1080},{"@type":"BreadcrumbList","@id":"https:\/\/dissalud.com\/es\/3-de-diciembre-dia-internacional-de-las-personas-con-discapacidad-reivindicando-derechos-dignidad-y-equidad-para-todos\/#breadcrumb","itemListElement":[{"@type":"ListItem","position":1,"name":"Home","item":"https:\/\/dissalud.com\/es\/"},{"@type":"ListItem","position":2,"name":"3 de diciembre: D\u00eda Internacional de las Personas con Discapacidad Reivindicando derechos, dignidad y equidad para todos"}]},{"@type":"WebSite","@id":"https:\/\/dissalud.com\/#website","url":"https:\/\/dissalud.com\/","name":"Dissalud","description":"Ortop\u00e8dia i productes de suport","publisher":{"@id":"https:\/\/dissalud.com\/#organization"},"potentialAction":[{"@type":"SearchAction","target":{"@type":"EntryPoint","urlTemplate":"https:\/\/dissalud.com\/?s={search_term_string}"},"query-input":{"@type":"PropertyValueSpecification","valueRequired":true,"valueName":"search_term_string"}}],"inLanguage":"es"},{"@type":"Organization","@id":"https:\/\/dissalud.com\/#organization","name":"Dissalud","url":"https:\/\/dissalud.com\/","logo":{"@type":"ImageObject","inLanguage":"es","@id":"https:\/\/dissalud.com\/#\/schema\/logo\/image\/","url":"https:\/\/dissalud.com\/wp-content\/uploads\/2025\/02\/LOGO_DISSALUD.jpg","contentUrl":"https:\/\/dissalud.com\/wp-content\/uploads\/2025\/02\/LOGO_DISSALUD.jpg","width":225,"height":225,"caption":"Dissalud"},"image":{"@id":"https:\/\/dissalud.com\/#\/schema\/logo\/image\/"},"sameAs":["https:\/\/www.facebook.com\/dissaludlleida\/","https:\/\/www.instagram.com\/ortopedia_dissalud\/"]},{"@type":"Person","@id":"https:\/\/dissalud.com\/#\/schema\/person\/6326a7c70574c4a1555171f79b4c8c30","name":"admin","image":{"@type":"ImageObject","inLanguage":"es","@id":"https:\/\/secure.gravatar.com\/avatar\/3d8771e958295f415804336505f0c6faebfe16c066754f8f90e0b5a1023ffc77?s=96&d=mm&r=g","url":"https:\/\/secure.gravatar.com\/avatar\/3d8771e958295f415804336505f0c6faebfe16c066754f8f90e0b5a1023ffc77?s=96&d=mm&r=g","contentUrl":"https:\/\/secure.gravatar.com\/avatar\/3d8771e958295f415804336505f0c6faebfe16c066754f8f90e0b5a1023ffc77?s=96&d=mm&r=g","caption":"admin"},"sameAs":["https:\/\/dissalud.com"],"url":"https:\/\/dissalud.com\/es\/author\/jordi_j8bae8x1\/"}]}},"_links":{"self":[{"href":"https:\/\/dissalud.com\/es\/wp-json\/wp\/v2\/posts\/5713","targetHints":{"allow":["GET"]}}],"collection":[{"href":"https:\/\/dissalud.com\/es\/wp-json\/wp\/v2\/posts"}],"about":[{"href":"https:\/\/dissalud.com\/es\/wp-json\/wp\/v2\/types\/post"}],"author":[{"embeddable":true,"href":"https:\/\/dissalud.com\/es\/wp-json\/wp\/v2\/users\/1"}],"replies":[{"embeddable":true,"href":"https:\/\/dissalud.com\/es\/wp-json\/wp\/v2\/comments?post=5713"}],"version-history":[{"count":1,"href":"https:\/\/dissalud.com\/es\/wp-json\/wp\/v2\/posts\/5713\/revisions"}],"predecessor-version":[{"id":5719,"href":"https:\/\/dissalud.com\/es\/wp-json\/wp\/v2\/posts\/5713\/revisions\/5719"}],"wp:featuredmedia":[{"embeddable":true,"href":"https:\/\/dissalud.com\/es\/wp-json\/wp\/v2\/media\/5715"}],"wp:attachment":[{"href":"https:\/\/dissalud.com\/es\/wp-json\/wp\/v2\/media?parent=5713"}],"wp:term":[{"taxonomy":"category","embeddable":true,"href":"https:\/\/dissalud.com\/es\/wp-json\/wp\/v2\/categories?post=5713"},{"taxonomy":"post_tag","embeddable":true,"href":"https:\/\/dissalud.com\/es\/wp-json\/wp\/v2\/tags?post=5713"}],"curies":[{"name":"wp","href":"https:\/\/api.w.org\/{rel}","templated":true}]}}