{"id":5972,"date":"2026-03-07T11:22:52","date_gmt":"2026-03-07T10:22:52","guid":{"rendered":"https:\/\/dissalud.com\/?p=5972"},"modified":"2026-03-07T11:22:52","modified_gmt":"2026-03-07T10:22:52","slug":"8-de-marzo-igualdad-inclusion-y-derechos-para-todas-las-mujeres","status":"publish","type":"post","link":"https:\/\/dissalud.com\/es\/8-de-marzo-igualdad-inclusion-y-derechos-para-todas-las-mujeres\/","title":{"rendered":"8 de marzo: igualdad, inclusi\u00f3n y derechos para todas las mujeres"},"content":{"rendered":"<h2 data-section-id=\"1fmzx6n\" data-start=\"336\" data-end=\"533\">El D\u00eda Internacional de la Mujer recuerda las conquistas del movimiento feminista y pone tambi\u00e9n el foco en un reto pendiente: garantizar los derechos y la igualdad real de las mujeres con alguna discapacidad.<\/h2>\n<p data-start=\"535\" data-end=\"832\">Cada <strong data-start=\"540\" data-end=\"600\">8 de marzo se conmemora el D\u00eda Internacional de la Mujer<\/strong>, una jornada de reflexi\u00f3n, memoria y reivindicaci\u00f3n que pone en valor el camino recorrido por el movimiento feminista y recuerda que la igualdad entre mujeres y hombres sigue siendo un objetivo fundamental para nuestras sociedades.<\/p>\n<p data-start=\"834\" data-end=\"1279\">A lo largo de la historia, generaciones de mujeres han impulsado cambios sociales, pol\u00edticos y laborales que hoy forman parte de los pilares de nuestras democracias. Derechos como la igualdad jur\u00eddica, la participaci\u00f3n pol\u00edtica, la mejora de las condiciones laborales o el reconocimiento del trabajo de cuidados han sido fruto del esfuerzo colectivo y de la movilizaci\u00f3n de muchas mujeres que se organizaron para reclamar una sociedad m\u00e1s justa.<\/p>\n<h2 data-section-id=\"1ef1s0h\" data-start=\"1281\" data-end=\"1338\">50 a\u00f1os de las Primeras Jornadas Catalanas de la Mujer<\/h2>\n<p data-start=\"1340\" data-end=\"1533\">Este a\u00f1o el <strong data-start=\"1352\" data-end=\"1400\">8M tiene un significado especial en Catalu\u00f1a<\/strong>, ya que nos acercamos al 50 aniversario de las <strong data-start=\"1448\" data-end=\"1491\">Primeras Jornadas Catalanas de la Mujer<\/strong>, celebradas en Barcelona en mayo de 1976.<\/p>\n<p data-start=\"1535\" data-end=\"1841\">Aquel encuentro hist\u00f3rico reuni\u00f3 a miles de mujeres que participaron activamente en debates y propuestas sobre derechos sociales, laborales y civiles. En plena transici\u00f3n democr\u00e1tica, estas jornadas marcaron un punto de inflexi\u00f3n al dar voz a las reivindicaciones feministas despu\u00e9s de d\u00e9cadas de silencio.<\/p>\n<p data-start=\"1843\" data-end=\"2139\">Las participantes abordaron cuestiones clave como la igualdad salarial, el derecho a decidir sobre el propio cuerpo, la participaci\u00f3n pol\u00edtica de las mujeres o el reconocimiento del trabajo de cuidados, reivindicaciones que con el tiempo se convertir\u00edan en avances fundamentales para la sociedad.<\/p>\n<h2 data-section-id=\"1t10zfi\" data-start=\"2141\" data-end=\"2193\">Igualdad de g\u00e9nero: avances y desaf\u00edos pendientes<\/h2>\n<p data-start=\"2195\" data-end=\"2426\">Aunque los avances en materia de igualdad han sido importantes, la realidad demuestra que todav\u00eda existen <strong data-start=\"2301\" data-end=\"2356\">desigualdades estructurales entre mujeres y hombres<\/strong> en \u00e1mbitos como el empleo, la conciliaci\u00f3n o la participaci\u00f3n social.<\/p>\n<p data-start=\"2428\" data-end=\"2602\">La violencia de g\u00e9nero, la brecha salarial o la falta de representaci\u00f3n en determinados espacios de decisi\u00f3n siguen siendo algunos de los retos que la sociedad debe afrontar.<\/p>\n<p data-start=\"2604\" data-end=\"2705\">Pero esta desigualdad se acent\u00faa todav\u00eda m\u00e1s cuando se combinan distintos factores de discriminaci\u00f3n.<\/p>\n<h2 data-section-id=\"doe8fc\" data-start=\"2707\" data-end=\"2760\">Mujeres con discapacidad: una doble discriminaci\u00f3n<\/h2>\n<p data-start=\"2762\" data-end=\"2875\">En el caso de las <strong data-start=\"2780\" data-end=\"2808\">mujeres con discapacidad<\/strong>, la lucha por la igualdad adquiere una dimensi\u00f3n a\u00fan m\u00e1s compleja.<\/p>\n<p data-start=\"2877\" data-end=\"3170\">Muchas de ellas afrontan una doble discriminaci\u00f3n: por ser mujeres y por tener una discapacidad. Esta situaci\u00f3n provoca que la distancia entre los derechos reconocidos legalmente y su aplicaci\u00f3n real en \u00e1mbitos como el empleo, la autonom\u00eda personal o la participaci\u00f3n social sea todav\u00eda mayor.<\/p>\n<p data-start=\"3172\" data-end=\"3365\">La accesibilidad, la autonom\u00eda personal, la inclusi\u00f3n social y el reconocimiento pleno de sus derechos siguen siendo desaf\u00edos importantes para construir una sociedad verdaderamente igualitaria.<\/p>\n<h2 data-section-id=\"bbst34\" data-start=\"3367\" data-end=\"3402\">Hacia una sociedad m\u00e1s inclusiva<\/h2>\n<p data-start=\"3404\" data-end=\"3664\">Avanzar hacia la igualdad implica tambi\u00e9n adoptar una mirada inclusiva e interseccional, capaz de entender que las desigualdades pueden multiplicarse cuando confluyen diferentes realidades como el g\u00e9nero, la discapacidad, la edad o la situaci\u00f3n socioecon\u00f3mica.<\/p>\n<p data-start=\"3666\" data-end=\"3817\">En este sentido, empresas y entidades comprometidas con el bienestar de las personas trabajan para contribuir a una sociedad m\u00e1s accesible e inclusiva.<\/p>\n<p data-start=\"3819\" data-end=\"4100\">Es el caso de <strong data-start=\"3833\" data-end=\"3876\">Dissalud ortopedia y productos de apoyo<\/strong>, que desarrolla su actividad con el objetivo de mejorar la autonom\u00eda y la calidad de vida de las personas mediante soluciones ortop\u00e9dicas y ayudas t\u00e9cnicas adaptadas a cada necesidad.<\/p>\n<p data-start=\"4102\" data-end=\"4284\">Desde esta perspectiva, el <strong data-start=\"4129\" data-end=\"4162\">D\u00eda Internacional de la Mujer<\/strong> es tambi\u00e9n una oportunidad para recordar que la igualdad solo ser\u00e1 real cuando llegue a todas las mujeres, sin excepci\u00f3n.<\/p>\n<p data-start=\"4286\" data-end=\"4407\">Porque construir una sociedad m\u00e1s justa significa garantizar derechos, oportunidades y autonom\u00eda para todas las personas.<\/p>\n","protected":false},"excerpt":{"rendered":"<p>El D\u00eda Internacional de la Mujer recuerda las conquistas del [&hellip;]<\/p>\n","protected":false},"author":1,"featured_media":5968,"comment_status":"open","ping_status":"open","sticky":false,"template":"","format":"standard","meta":{"footnotes":""},"categories":[16],"tags":[919,918,638,481,831,479,917,899],"class_list":["post-5972","post","type-post","status-publish","format-standard","has-post-thumbnail","hentry","category-noticia","tag-8-de-marzo","tag-dia-internacional-de-la-mujer","tag-discapacitat","tag-dissalud","tag-lleida-es","tag-ortopedia","tag-ortopedias-en-lleida","tag-persones-amb-discapacitat"],"yoast_head":"<!-- This site is optimized with the Yoast SEO plugin v27.5 - https:\/\/yoast.com\/product\/yoast-seo-wordpress\/ -->\n<title>8 de marzo: igualdad, inclusi\u00f3n y derechos para todas las mujeres - Dissalud<\/title>\n<meta name=\"description\" content=\"Ortopedia Disalud, asesoramiento personalizado y profesional para la compra y correcto uso de la ropa compresiva\" \/>\n<meta name=\"robots\" content=\"index, follow, max-snippet:-1, max-image-preview:large, max-video-preview:-1\" \/>\n<link rel=\"canonical\" href=\"https:\/\/dissalud.com\/es\/8-de-marzo-igualdad-inclusion-y-derechos-para-todas-las-mujeres\/\" \/>\n<meta property=\"og:locale\" content=\"es_ES\" \/>\n<meta property=\"og:type\" content=\"article\" \/>\n<meta property=\"og:title\" content=\"8 de marzo: igualdad, inclusi\u00f3n y derechos para todas las mujeres - Dissalud\" \/>\n<meta property=\"og:description\" content=\"Ortopedia Disalud, asesoramiento personalizado y profesional para la compra y correcto uso de la ropa compresiva\" \/>\n<meta property=\"og:url\" content=\"https:\/\/dissalud.com\/es\/8-de-marzo-igualdad-inclusion-y-derechos-para-todas-las-mujeres\/\" \/>\n<meta property=\"og:site_name\" content=\"Dissalud\" \/>\n<meta property=\"article:publisher\" content=\"https:\/\/www.facebook.com\/dissaludlleida\/\" \/>\n<meta property=\"article:published_time\" content=\"2026-03-07T10:22:52+00:00\" \/>\n<meta property=\"og:image\" content=\"https:\/\/dissalud.com\/wp-content\/uploads\/2026\/03\/Ortopedias-en-Lleida-Dissalud-Dia-Internacional-de-la-Mujer.jpg\" \/>\n\t<meta property=\"og:image:width\" content=\"1080\" \/>\n\t<meta property=\"og:image:height\" content=\"1350\" \/>\n\t<meta property=\"og:image:type\" content=\"image\/jpeg\" \/>\n<meta name=\"author\" content=\"admin\" \/>\n<meta name=\"twitter:card\" content=\"summary_large_image\" \/>\n<meta name=\"twitter:label1\" content=\"Escrito por\" \/>\n\t<meta name=\"twitter:data1\" content=\"admin\" \/>\n\t<meta name=\"twitter:label2\" content=\"Tiempo de lectura\" \/>\n\t<meta name=\"twitter:data2\" content=\"4 minutos\" \/>\n<script type=\"application\/ld+json\" class=\"yoast-schema-graph\">{\"@context\":\"https:\\\/\\\/schema.org\",\"@graph\":[{\"@type\":\"Article\",\"@id\":\"https:\\\/\\\/dissalud.com\\\/es\\\/8-de-marzo-igualdad-inclusion-y-derechos-para-todas-las-mujeres\\\/#article\",\"isPartOf\":{\"@id\":\"https:\\\/\\\/dissalud.com\\\/es\\\/8-de-marzo-igualdad-inclusion-y-derechos-para-todas-las-mujeres\\\/\"},\"author\":{\"name\":\"admin\",\"@id\":\"https:\\\/\\\/dissalud.com\\\/#\\\/schema\\\/person\\\/6326a7c70574c4a1555171f79b4c8c30\"},\"headline\":\"8 de marzo: igualdad, inclusi\u00f3n y derechos para todas las mujeres\",\"datePublished\":\"2026-03-07T10:22:52+00:00\",\"mainEntityOfPage\":{\"@id\":\"https:\\\/\\\/dissalud.com\\\/es\\\/8-de-marzo-igualdad-inclusion-y-derechos-para-todas-las-mujeres\\\/\"},\"wordCount\":672,\"commentCount\":0,\"publisher\":{\"@id\":\"https:\\\/\\\/dissalud.com\\\/#organization\"},\"image\":{\"@id\":\"https:\\\/\\\/dissalud.com\\\/es\\\/8-de-marzo-igualdad-inclusion-y-derechos-para-todas-las-mujeres\\\/#primaryimage\"},\"thumbnailUrl\":\"https:\\\/\\\/dissalud.com\\\/wp-content\\\/uploads\\\/2026\\\/03\\\/Ortopedias-en-Lleida-Dissalud-Dia-Internacional-de-la-Mujer.jpg\",\"keywords\":[\"8 de marzo\",\"Dia Internacional de la Mujer\",\"Discapacitat\",\"Dissalud\",\"Lleida\",\"Ortopedia\",\"Ortopedias en Lleida\",\"Persones amb Discapacitat\"],\"articleSection\":[\"Noticia\"],\"inLanguage\":\"es\",\"potentialAction\":[{\"@type\":\"CommentAction\",\"name\":\"Comment\",\"target\":[\"https:\\\/\\\/dissalud.com\\\/es\\\/8-de-marzo-igualdad-inclusion-y-derechos-para-todas-las-mujeres\\\/#respond\"]}]},{\"@type\":\"WebPage\",\"@id\":\"https:\\\/\\\/dissalud.com\\\/es\\\/8-de-marzo-igualdad-inclusion-y-derechos-para-todas-las-mujeres\\\/\",\"url\":\"https:\\\/\\\/dissalud.com\\\/es\\\/8-de-marzo-igualdad-inclusion-y-derechos-para-todas-las-mujeres\\\/\",\"name\":\"8 de marzo: igualdad, inclusi\u00f3n y derechos para todas las mujeres - Dissalud\",\"isPartOf\":{\"@id\":\"https:\\\/\\\/dissalud.com\\\/#website\"},\"primaryImageOfPage\":{\"@id\":\"https:\\\/\\\/dissalud.com\\\/es\\\/8-de-marzo-igualdad-inclusion-y-derechos-para-todas-las-mujeres\\\/#primaryimage\"},\"image\":{\"@id\":\"https:\\\/\\\/dissalud.com\\\/es\\\/8-de-marzo-igualdad-inclusion-y-derechos-para-todas-las-mujeres\\\/#primaryimage\"},\"thumbnailUrl\":\"https:\\\/\\\/dissalud.com\\\/wp-content\\\/uploads\\\/2026\\\/03\\\/Ortopedias-en-Lleida-Dissalud-Dia-Internacional-de-la-Mujer.jpg\",\"datePublished\":\"2026-03-07T10:22:52+00:00\",\"description\":\"Ortopedia Disalud, asesoramiento personalizado y profesional para la compra y correcto uso de la ropa compresiva\",\"breadcrumb\":{\"@id\":\"https:\\\/\\\/dissalud.com\\\/es\\\/8-de-marzo-igualdad-inclusion-y-derechos-para-todas-las-mujeres\\\/#breadcrumb\"},\"inLanguage\":\"es\",\"potentialAction\":[{\"@type\":\"ReadAction\",\"target\":[\"https:\\\/\\\/dissalud.com\\\/es\\\/8-de-marzo-igualdad-inclusion-y-derechos-para-todas-las-mujeres\\\/\"]}]},{\"@type\":\"ImageObject\",\"inLanguage\":\"es\",\"@id\":\"https:\\\/\\\/dissalud.com\\\/es\\\/8-de-marzo-igualdad-inclusion-y-derechos-para-todas-las-mujeres\\\/#primaryimage\",\"url\":\"https:\\\/\\\/dissalud.com\\\/wp-content\\\/uploads\\\/2026\\\/03\\\/Ortopedias-en-Lleida-Dissalud-Dia-Internacional-de-la-Mujer.jpg\",\"contentUrl\":\"https:\\\/\\\/dissalud.com\\\/wp-content\\\/uploads\\\/2026\\\/03\\\/Ortopedias-en-Lleida-Dissalud-Dia-Internacional-de-la-Mujer.jpg\",\"width\":1080,\"height\":1350},{\"@type\":\"BreadcrumbList\",\"@id\":\"https:\\\/\\\/dissalud.com\\\/es\\\/8-de-marzo-igualdad-inclusion-y-derechos-para-todas-las-mujeres\\\/#breadcrumb\",\"itemListElement\":[{\"@type\":\"ListItem\",\"position\":1,\"name\":\"Home\",\"item\":\"https:\\\/\\\/dissalud.com\\\/es\\\/\"},{\"@type\":\"ListItem\",\"position\":2,\"name\":\"8 de marzo: igualdad, inclusi\u00f3n y derechos para todas las mujeres\"}]},{\"@type\":\"WebSite\",\"@id\":\"https:\\\/\\\/dissalud.com\\\/#website\",\"url\":\"https:\\\/\\\/dissalud.com\\\/\",\"name\":\"Dissalud\",\"description\":\"Ortop\u00e8dia i productes de suport\",\"publisher\":{\"@id\":\"https:\\\/\\\/dissalud.com\\\/#organization\"},\"potentialAction\":[{\"@type\":\"SearchAction\",\"target\":{\"@type\":\"EntryPoint\",\"urlTemplate\":\"https:\\\/\\\/dissalud.com\\\/?s={search_term_string}\"},\"query-input\":{\"@type\":\"PropertyValueSpecification\",\"valueRequired\":true,\"valueName\":\"search_term_string\"}}],\"inLanguage\":\"es\"},{\"@type\":\"Organization\",\"@id\":\"https:\\\/\\\/dissalud.com\\\/#organization\",\"name\":\"Dissalud\",\"url\":\"https:\\\/\\\/dissalud.com\\\/\",\"logo\":{\"@type\":\"ImageObject\",\"inLanguage\":\"es\",\"@id\":\"https:\\\/\\\/dissalud.com\\\/#\\\/schema\\\/logo\\\/image\\\/\",\"url\":\"https:\\\/\\\/dissalud.com\\\/wp-content\\\/uploads\\\/2025\\\/02\\\/LOGO_DISSALUD.jpg\",\"contentUrl\":\"https:\\\/\\\/dissalud.com\\\/wp-content\\\/uploads\\\/2025\\\/02\\\/LOGO_DISSALUD.jpg\",\"width\":225,\"height\":225,\"caption\":\"Dissalud\"},\"image\":{\"@id\":\"https:\\\/\\\/dissalud.com\\\/#\\\/schema\\\/logo\\\/image\\\/\"},\"sameAs\":[\"https:\\\/\\\/www.facebook.com\\\/dissaludlleida\\\/\",\"https:\\\/\\\/www.instagram.com\\\/ortopedia_dissalud\\\/\"]},{\"@type\":\"Person\",\"@id\":\"https:\\\/\\\/dissalud.com\\\/#\\\/schema\\\/person\\\/6326a7c70574c4a1555171f79b4c8c30\",\"name\":\"admin\",\"image\":{\"@type\":\"ImageObject\",\"inLanguage\":\"es\",\"@id\":\"https:\\\/\\\/secure.gravatar.com\\\/avatar\\\/3d8771e958295f415804336505f0c6faebfe16c066754f8f90e0b5a1023ffc77?s=96&d=mm&r=g\",\"url\":\"https:\\\/\\\/secure.gravatar.com\\\/avatar\\\/3d8771e958295f415804336505f0c6faebfe16c066754f8f90e0b5a1023ffc77?s=96&d=mm&r=g\",\"contentUrl\":\"https:\\\/\\\/secure.gravatar.com\\\/avatar\\\/3d8771e958295f415804336505f0c6faebfe16c066754f8f90e0b5a1023ffc77?s=96&d=mm&r=g\",\"caption\":\"admin\"},\"sameAs\":[\"https:\\\/\\\/dissalud.com\"],\"url\":\"https:\\\/\\\/dissalud.com\\\/es\\\/author\\\/jordi_j8bae8x1\\\/\"}]}<\/script>\n<!-- \/ Yoast SEO plugin. -->","yoast_head_json":{"title":"8 de marzo: igualdad, inclusi\u00f3n y derechos para todas las mujeres - Dissalud","description":"Ortopedia Disalud, asesoramiento personalizado y profesional para la compra y correcto uso de la ropa compresiva","robots":{"index":"index","follow":"follow","max-snippet":"max-snippet:-1","max-image-preview":"max-image-preview:large","max-video-preview":"max-video-preview:-1"},"canonical":"https:\/\/dissalud.com\/es\/8-de-marzo-igualdad-inclusion-y-derechos-para-todas-las-mujeres\/","og_locale":"es_ES","og_type":"article","og_title":"8 de marzo: igualdad, inclusi\u00f3n y derechos para todas las mujeres - Dissalud","og_description":"Ortopedia Disalud, asesoramiento personalizado y profesional para la compra y correcto uso de la ropa compresiva","og_url":"https:\/\/dissalud.com\/es\/8-de-marzo-igualdad-inclusion-y-derechos-para-todas-las-mujeres\/","og_site_name":"Dissalud","article_publisher":"https:\/\/www.facebook.com\/dissaludlleida\/","article_published_time":"2026-03-07T10:22:52+00:00","og_image":[{"width":1080,"height":1350,"url":"https:\/\/dissalud.com\/wp-content\/uploads\/2026\/03\/Ortopedias-en-Lleida-Dissalud-Dia-Internacional-de-la-Mujer.jpg","type":"image\/jpeg"}],"author":"admin","twitter_card":"summary_large_image","twitter_misc":{"Escrito por":"admin","Tiempo de lectura":"4 minutos"},"schema":{"@context":"https:\/\/schema.org","@graph":[{"@type":"Article","@id":"https:\/\/dissalud.com\/es\/8-de-marzo-igualdad-inclusion-y-derechos-para-todas-las-mujeres\/#article","isPartOf":{"@id":"https:\/\/dissalud.com\/es\/8-de-marzo-igualdad-inclusion-y-derechos-para-todas-las-mujeres\/"},"author":{"name":"admin","@id":"https:\/\/dissalud.com\/#\/schema\/person\/6326a7c70574c4a1555171f79b4c8c30"},"headline":"8 de marzo: igualdad, inclusi\u00f3n y derechos para todas las mujeres","datePublished":"2026-03-07T10:22:52+00:00","mainEntityOfPage":{"@id":"https:\/\/dissalud.com\/es\/8-de-marzo-igualdad-inclusion-y-derechos-para-todas-las-mujeres\/"},"wordCount":672,"commentCount":0,"publisher":{"@id":"https:\/\/dissalud.com\/#organization"},"image":{"@id":"https:\/\/dissalud.com\/es\/8-de-marzo-igualdad-inclusion-y-derechos-para-todas-las-mujeres\/#primaryimage"},"thumbnailUrl":"https:\/\/dissalud.com\/wp-content\/uploads\/2026\/03\/Ortopedias-en-Lleida-Dissalud-Dia-Internacional-de-la-Mujer.jpg","keywords":["8 de marzo","Dia Internacional de la Mujer","Discapacitat","Dissalud","Lleida","Ortopedia","Ortopedias en Lleida","Persones amb Discapacitat"],"articleSection":["Noticia"],"inLanguage":"es","potentialAction":[{"@type":"CommentAction","name":"Comment","target":["https:\/\/dissalud.com\/es\/8-de-marzo-igualdad-inclusion-y-derechos-para-todas-las-mujeres\/#respond"]}]},{"@type":"WebPage","@id":"https:\/\/dissalud.com\/es\/8-de-marzo-igualdad-inclusion-y-derechos-para-todas-las-mujeres\/","url":"https:\/\/dissalud.com\/es\/8-de-marzo-igualdad-inclusion-y-derechos-para-todas-las-mujeres\/","name":"8 de marzo: igualdad, inclusi\u00f3n y derechos para todas las mujeres - Dissalud","isPartOf":{"@id":"https:\/\/dissalud.com\/#website"},"primaryImageOfPage":{"@id":"https:\/\/dissalud.com\/es\/8-de-marzo-igualdad-inclusion-y-derechos-para-todas-las-mujeres\/#primaryimage"},"image":{"@id":"https:\/\/dissalud.com\/es\/8-de-marzo-igualdad-inclusion-y-derechos-para-todas-las-mujeres\/#primaryimage"},"thumbnailUrl":"https:\/\/dissalud.com\/wp-content\/uploads\/2026\/03\/Ortopedias-en-Lleida-Dissalud-Dia-Internacional-de-la-Mujer.jpg","datePublished":"2026-03-07T10:22:52+00:00","description":"Ortopedia Disalud, asesoramiento personalizado y profesional para la compra y correcto uso de la ropa compresiva","breadcrumb":{"@id":"https:\/\/dissalud.com\/es\/8-de-marzo-igualdad-inclusion-y-derechos-para-todas-las-mujeres\/#breadcrumb"},"inLanguage":"es","potentialAction":[{"@type":"ReadAction","target":["https:\/\/dissalud.com\/es\/8-de-marzo-igualdad-inclusion-y-derechos-para-todas-las-mujeres\/"]}]},{"@type":"ImageObject","inLanguage":"es","@id":"https:\/\/dissalud.com\/es\/8-de-marzo-igualdad-inclusion-y-derechos-para-todas-las-mujeres\/#primaryimage","url":"https:\/\/dissalud.com\/wp-content\/uploads\/2026\/03\/Ortopedias-en-Lleida-Dissalud-Dia-Internacional-de-la-Mujer.jpg","contentUrl":"https:\/\/dissalud.com\/wp-content\/uploads\/2026\/03\/Ortopedias-en-Lleida-Dissalud-Dia-Internacional-de-la-Mujer.jpg","width":1080,"height":1350},{"@type":"BreadcrumbList","@id":"https:\/\/dissalud.com\/es\/8-de-marzo-igualdad-inclusion-y-derechos-para-todas-las-mujeres\/#breadcrumb","itemListElement":[{"@type":"ListItem","position":1,"name":"Home","item":"https:\/\/dissalud.com\/es\/"},{"@type":"ListItem","position":2,"name":"8 de marzo: igualdad, inclusi\u00f3n y derechos para todas las mujeres"}]},{"@type":"WebSite","@id":"https:\/\/dissalud.com\/#website","url":"https:\/\/dissalud.com\/","name":"Dissalud","description":"Ortop\u00e8dia i productes de suport","publisher":{"@id":"https:\/\/dissalud.com\/#organization"},"potentialAction":[{"@type":"SearchAction","target":{"@type":"EntryPoint","urlTemplate":"https:\/\/dissalud.com\/?s={search_term_string}"},"query-input":{"@type":"PropertyValueSpecification","valueRequired":true,"valueName":"search_term_string"}}],"inLanguage":"es"},{"@type":"Organization","@id":"https:\/\/dissalud.com\/#organization","name":"Dissalud","url":"https:\/\/dissalud.com\/","logo":{"@type":"ImageObject","inLanguage":"es","@id":"https:\/\/dissalud.com\/#\/schema\/logo\/image\/","url":"https:\/\/dissalud.com\/wp-content\/uploads\/2025\/02\/LOGO_DISSALUD.jpg","contentUrl":"https:\/\/dissalud.com\/wp-content\/uploads\/2025\/02\/LOGO_DISSALUD.jpg","width":225,"height":225,"caption":"Dissalud"},"image":{"@id":"https:\/\/dissalud.com\/#\/schema\/logo\/image\/"},"sameAs":["https:\/\/www.facebook.com\/dissaludlleida\/","https:\/\/www.instagram.com\/ortopedia_dissalud\/"]},{"@type":"Person","@id":"https:\/\/dissalud.com\/#\/schema\/person\/6326a7c70574c4a1555171f79b4c8c30","name":"admin","image":{"@type":"ImageObject","inLanguage":"es","@id":"https:\/\/secure.gravatar.com\/avatar\/3d8771e958295f415804336505f0c6faebfe16c066754f8f90e0b5a1023ffc77?s=96&d=mm&r=g","url":"https:\/\/secure.gravatar.com\/avatar\/3d8771e958295f415804336505f0c6faebfe16c066754f8f90e0b5a1023ffc77?s=96&d=mm&r=g","contentUrl":"https:\/\/secure.gravatar.com\/avatar\/3d8771e958295f415804336505f0c6faebfe16c066754f8f90e0b5a1023ffc77?s=96&d=mm&r=g","caption":"admin"},"sameAs":["https:\/\/dissalud.com"],"url":"https:\/\/dissalud.com\/es\/author\/jordi_j8bae8x1\/"}]}},"_links":{"self":[{"href":"https:\/\/dissalud.com\/es\/wp-json\/wp\/v2\/posts\/5972","targetHints":{"allow":["GET"]}}],"collection":[{"href":"https:\/\/dissalud.com\/es\/wp-json\/wp\/v2\/posts"}],"about":[{"href":"https:\/\/dissalud.com\/es\/wp-json\/wp\/v2\/types\/post"}],"author":[{"embeddable":true,"href":"https:\/\/dissalud.com\/es\/wp-json\/wp\/v2\/users\/1"}],"replies":[{"embeddable":true,"href":"https:\/\/dissalud.com\/es\/wp-json\/wp\/v2\/comments?post=5972"}],"version-history":[{"count":2,"href":"https:\/\/dissalud.com\/es\/wp-json\/wp\/v2\/posts\/5972\/revisions"}],"predecessor-version":[{"id":5974,"href":"https:\/\/dissalud.com\/es\/wp-json\/wp\/v2\/posts\/5972\/revisions\/5974"}],"wp:featuredmedia":[{"embeddable":true,"href":"https:\/\/dissalud.com\/es\/wp-json\/wp\/v2\/media\/5968"}],"wp:attachment":[{"href":"https:\/\/dissalud.com\/es\/wp-json\/wp\/v2\/media?parent=5972"}],"wp:term":[{"taxonomy":"category","embeddable":true,"href":"https:\/\/dissalud.com\/es\/wp-json\/wp\/v2\/categories?post=5972"},{"taxonomy":"post_tag","embeddable":true,"href":"https:\/\/dissalud.com\/es\/wp-json\/wp\/v2\/tags?post=5972"}],"curies":[{"name":"wp","href":"https:\/\/api.w.org\/{rel}","templated":true}]}}